{"id":1021,"date":"2023-08-02T15:45:21","date_gmt":"2023-08-02T13:45:21","guid":{"rendered":"https:\/\/martazbiblioteki.pl\/?p=1021"},"modified":"2023-08-02T15:45:21","modified_gmt":"2023-08-02T13:45:21","slug":"do-przedszkola-idzie-maluch","status":"publish","type":"post","link":"https:\/\/martazbiblioteki.pl\/index.php\/2023\/08\/02\/do-przedszkola-idzie-maluch\/","title":{"rendered":"Do przedszkola idzie maluch&#8230;"},"content":{"rendered":"<p>Je\u015bli Wasze maluchy we wrze\u015bniu rozpoczynaj\u0105 przygod\u0119 z przedszkolem, to ten wpis jest zdecydowanie dla Was. Przygotowa\u0142am list\u0119 ksi\u0105\u017cek za pomoc\u0105, kt\u00f3rych mo\u017cecie przybli\u017cy\u0107 swoim dzieciom co czeka je w przedszkolu. Reakcje maluch\u00f3w mog\u0105 by\u0107 r\u00f3\u017cne. S\u0105 takie, kt\u00f3re nie maj\u0105 problem\u00f3w z adaptacj\u0105 ale mo\u017ce by\u0107 tak, \u017ce Wasze dzieci b\u0119d\u0105 potrzebowa\u0142y wi\u0119cej czasu \u017ceby polubi\u0107 si\u0119 z przedszkolem. Rozmowy o przedszkolu warto zacz\u0105\u0107 ju\u017c teraz. Opowiadajcie swoim dzieciom, co czeka je we wrze\u015bniu. Dobrym pomys\u0142em b\u0119dzie spacer do przedszkola. Mo\u017cecie pokaza\u0107 budynek, plac zabaw. W wielu plac\u00f3wkach odbywa si\u0119 te\u017c tzw. &#8222;dzie\u0144 adaptacyjny&#8221;. Warto skorzysta\u0107 z tej opcji. Tymczasem obiecana lista, bo przecie\u017c ksi\u0105\u017cka to \u015bwietne narz\u0119dzie, dzi\u0119ki kt\u00f3remu mo\u017cemy pokazywa\u0107 najm\u0142odszym \u015bwiat.<\/p>\n<ol>\n<li>A. W\u0142odarkiewicz- Tola w przedszkolu Wydawnictwo Zielona Sowa<\/li>\n<li>D. Melling- Mi\u015b Tuli\u015b idzie do przedszkola wyd. Amberek<\/li>\n<li>M. Bo\u0107ko- Mysiorska- Tosia i Julek id\u0105 do przedszkola Wydawnictwo Dwukropek<\/li>\n<li>P. Liput- Rok w przedszkolu wyd. Nasza Ksi\u0119garnia<\/li>\n<li>K. Koz\u0142owska- Feliks i Gucio id\u0105 do przedszkola wyd. Nasza Ksi\u0119garnia<\/li>\n<li>A. Fr\u0105czek- Przedszkoludki wyd. BIS<\/li>\n<li>R. Witek- Przedszkole imienia Barbary Wiewi\u00f3rki wyd. Bajka<\/li>\n<li>A. G\u0142owi\u0144ska- Kicia Kocia w przedszkolu wyd. Media Rodzina<\/li>\n<li>L. Cousins- Mysia w przedszkolu wyd. Dwie Siostry<\/li>\n<li>R. Pi\u0105tkowska- Opowiadania dla przedszkolak\u00f3w wyd. BIS<\/li>\n<\/ol>\n<p>&nbsp;<\/p>\n<p><img loading=\"lazy\" class=\"aligncenter wp-image-1020 size-full\" src=\"https:\/\/martazbiblioteki.pl\/wp-content\/uploads\/2023\/08\/tola.jpg\" alt=\"\" width=\"352\" height=\"500\" srcset=\"https:\/\/martazbiblioteki.pl\/wp-content\/uploads\/2023\/08\/tola.jpg 352w, https:\/\/martazbiblioteki.pl\/wp-content\/uploads\/2023\/08\/tola-211x300.jpg 211w\" sizes=\"(max-width: 352px) 100vw, 352px\" \/><\/p>\n<p><img loading=\"lazy\" class=\"aligncenter wp-image-1019 size-full\" src=\"https:\/\/martazbiblioteki.pl\/wp-content\/uploads\/2023\/08\/rok-w-przedszkolu.jpg\" alt=\"\" width=\"480\" height=\"656\" srcset=\"https:\/\/martazbiblioteki.pl\/wp-content\/uploads\/2023\/08\/rok-w-przedszkolu.jpg 480w, https:\/\/martazbiblioteki.pl\/wp-content\/uploads\/2023\/08\/rok-w-przedszkolu-220x300.jpg 220w\" sizes=\"(max-width: 480px) 100vw, 480px\" \/><\/p>\n<p>&nbsp;<\/p>\n<p>A na koniec ma\u0142a dygresja dlaczego na li\u015bcie brakuje tak zacnego i lubianego tytu\u0142u jak Basia i przedszkole Zofii Staneckiej. Uwa\u017cam, \u017ce czytanie tej ksi\u0105\u017cki mo\u017cna od\u0142o\u017cy\u0107 w czasie. Ta cz\u0119\u015b\u0107 przyg\u00f3d Basi opowiada o jednym z dni w przedszkolu, kt\u00f3ry by\u0142 dla ma\u0142ej bohaterki trudny. Je\u015bli chcecie porozmawia\u0107 z dzie\u0107mi i pokaza\u0107 im, \u017ce mimo nieobecno\u015bci przyjaci\u00f3\u0142ki, z\u0142ego humoru, brzydkiej pogody, czy dokuczania dzie\u0144 w przedszkolu mo\u017ce by\u0107 udany. Basia na tak ale dla starszych przedszkolak\u00f3w. A po czytaniu koniecznie rozmowa.<\/p>\n<p>Tymczasem \u017cycz\u0119 Wam pi\u0119knego sierpnia. Mam nadziej\u0119, \u017ce lato nie spakowa\u0142o jeszcze walizek i wr\u00f3ci do nas.<\/p>\n<p>&nbsp;<\/p>\n<p>&nbsp;<\/p>\n<p>&nbsp;<\/p>\n","protected":false},"excerpt":{"rendered":"<p>Je\u015bli Wasze maluchy we wrze\u015bniu rozpoczynaj\u0105 przygod\u0119 z przedszkolem, to ten wpis jest zdecydowanie dla Was. Przygotowa\u0142am list\u0119 ksi\u0105\u017cek za pomoc\u0105, kt\u00f3rych mo\u017cecie przybli\u017cy\u0107 swoim dzieciom co czeka je w przedszkolu. Reakcje maluch\u00f3w mog\u0105 by\u0107 r\u00f3\u017cne. S\u0105 takie, kt\u00f3re nie maj\u0105 problem\u00f3w z adaptacj\u0105 ale mo\u017ce by\u0107 tak, \u017ce Wasze dzieci b\u0119d\u0105 potrzebowa\u0142y wi\u0119cej czasu &hellip; <\/p>\n","protected":false},"author":1,"featured_media":0,"comment_status":"closed","ping_status":"closed","sticky":false,"template":"","format":"standard","meta":[],"categories":[4,1],"tags":[],"_links":{"self":[{"href":"https:\/\/martazbiblioteki.pl\/index.php\/wp-json\/wp\/v2\/posts\/1021"}],"collection":[{"href":"https:\/\/martazbiblioteki.pl\/index.php\/wp-json\/wp\/v2\/posts"}],"about":[{"href":"https:\/\/martazbiblioteki.pl\/index.php\/wp-json\/wp\/v2\/types\/post"}],"author":[{"embeddable":true,"href":"https:\/\/martazbiblioteki.pl\/index.php\/wp-json\/wp\/v2\/users\/1"}],"replies":[{"embeddable":true,"href":"https:\/\/martazbiblioteki.pl\/index.php\/wp-json\/wp\/v2\/comments?post=1021"}],"version-history":[{"count":1,"href":"https:\/\/martazbiblioteki.pl\/index.php\/wp-json\/wp\/v2\/posts\/1021\/revisions"}],"predecessor-version":[{"id":1022,"href":"https:\/\/martazbiblioteki.pl\/index.php\/wp-json\/wp\/v2\/posts\/1021\/revisions\/1022"}],"wp:attachment":[{"href":"https:\/\/martazbiblioteki.pl\/index.php\/wp-json\/wp\/v2\/media?parent=1021"}],"wp:term":[{"taxonomy":"category","embeddable":true,"href":"https:\/\/martazbiblioteki.pl\/index.php\/wp-json\/wp\/v2\/categories?post=1021"},{"taxonomy":"post_tag","embeddable":true,"href":"https:\/\/martazbiblioteki.pl\/index.php\/wp-json\/wp\/v2\/tags?post=1021"}],"curies":[{"name":"wp","href":"https:\/\/api.w.org\/{rel}","templated":true}]}}