{"id":103,"date":"2019-01-04T21:17:55","date_gmt":"2019-01-04T20:17:55","guid":{"rendered":"http:\/\/martazbiblioteki.pl\/?p=103"},"modified":"2019-01-04T21:17:55","modified_gmt":"2019-01-04T20:17:55","slug":"moja-mala-czytelniczka-ma-dzis-roczek","status":"publish","type":"post","link":"https:\/\/martazbiblioteki.pl\/index.php\/2019\/01\/04\/moja-mala-czytelniczka-ma-dzis-roczek\/","title":{"rendered":"Moja ma\u0142a Czytelniczka ma dzi\u015b roczek"},"content":{"rendered":"<p>Dzisiaj Hania ko\u0144czy Roczek. Sk\u0142adamy jej pierwsze \u017cyczenia.<\/p>\n<p>Haniu marzymy o tym \u017ceby\u015b by\u0142a:<\/p>\n<ul>\n<li>Zdrowa silna i szcz\u0119\u015bliwa jak Pippi Po\u0144czoszanka<\/li>\n<li>Z wyobra\u017ani\u0105 Ani Shirley<\/li>\n<li>M\u0105dra jak Hermiona<\/li>\n<li>Odwa\u017cna jak Katnis Everdeen<\/li>\n<li>Pi\u0119kna jak Arwena<\/li>\n<li>Ciekawa \u015bwiata jak Calpuria Tate<\/li>\n<li>Opieku\u0144cza jak Wendy z Piotrusia Pana<\/li>\n<li>Wra\u017cliwa na krzywd\u0119 innych jak Sara ma\u0142a ksi\u0119\u017cniczka<\/li>\n<\/ul>\n<p>&nbsp;<\/p>\n<p>Mo\u017ce znajdziesz niebieski koralik jak Karolcia. A mo\u017ce przyjm\u0105 Ci\u0119 do Akademii Pana Kleksa. Mo\u017ce dane Ci b\u0119dzie podr\u00f3\u017cowa\u0107 do \u015ar\u00f3dziemia, Hogwartu, Nibylandii i innych bajkowych krain. Ale najwa\u017cniejsze jest to \u017ceby\u015b sama napisa\u0142a historie swojego \u017cycia. Niech to b\u0119dzie pi\u0119kna przygoda.<\/p>\n","protected":false},"excerpt":{"rendered":"<p>Dzisiaj Hania ko\u0144czy Roczek. Sk\u0142adamy jej pierwsze \u017cyczenia. Haniu marzymy o tym \u017ceby\u015b by\u0142a: Zdrowa silna i szcz\u0119\u015bliwa jak Pippi Po\u0144czoszanka Z wyobra\u017ani\u0105 Ani Shirley M\u0105dra jak Hermiona Odwa\u017cna jak Katnis Everdeen Pi\u0119kna jak Arwena Ciekawa \u015bwiata jak Calpuria Tate Opieku\u0144cza jak Wendy z Piotrusia Pana Wra\u017cliwa na krzywd\u0119 innych jak Sara ma\u0142a ksi\u0119\u017cniczka &nbsp; &hellip; <\/p>\n","protected":false},"author":1,"featured_media":0,"comment_status":"open","ping_status":"open","sticky":false,"template":"","format":"standard","meta":[],"categories":[1],"tags":[],"_links":{"self":[{"href":"https:\/\/martazbiblioteki.pl\/index.php\/wp-json\/wp\/v2\/posts\/103"}],"collection":[{"href":"https:\/\/martazbiblioteki.pl\/index.php\/wp-json\/wp\/v2\/posts"}],"about":[{"href":"https:\/\/martazbiblioteki.pl\/index.php\/wp-json\/wp\/v2\/types\/post"}],"author":[{"embeddable":true,"href":"https:\/\/martazbiblioteki.pl\/index.php\/wp-json\/wp\/v2\/users\/1"}],"replies":[{"embeddable":true,"href":"https:\/\/martazbiblioteki.pl\/index.php\/wp-json\/wp\/v2\/comments?post=103"}],"version-history":[{"count":2,"href":"https:\/\/martazbiblioteki.pl\/index.php\/wp-json\/wp\/v2\/posts\/103\/revisions"}],"predecessor-version":[{"id":105,"href":"https:\/\/martazbiblioteki.pl\/index.php\/wp-json\/wp\/v2\/posts\/103\/revisions\/105"}],"wp:attachment":[{"href":"https:\/\/martazbiblioteki.pl\/index.php\/wp-json\/wp\/v2\/media?parent=103"}],"wp:term":[{"taxonomy":"category","embeddable":true,"href":"https:\/\/martazbiblioteki.pl\/index.php\/wp-json\/wp\/v2\/categories?post=103"},{"taxonomy":"post_tag","embeddable":true,"href":"https:\/\/martazbiblioteki.pl\/index.php\/wp-json\/wp\/v2\/tags?post=103"}],"curies":[{"name":"wp","href":"https:\/\/api.w.org\/{rel}","templated":true}]}}