{"id":109,"date":"2019-01-17T11:27:34","date_gmt":"2019-01-17T10:27:34","guid":{"rendered":"http:\/\/martazbiblioteki.pl\/?p=109"},"modified":"2019-01-17T11:27:34","modified_gmt":"2019-01-17T10:27:34","slug":"o-wojnie-dla-dzieci","status":"publish","type":"post","link":"https:\/\/martazbiblioteki.pl\/index.php\/2019\/01\/17\/o-wojnie-dla-dzieci\/","title":{"rendered":"O wojnie dla dzieci&#8230;"},"content":{"rendered":"<p>\u201eGdy \u015bmieje si\u0119 dziecko, \u015bmieje si\u0119 ca\u0142y \u015bwiat\u201d- ten cytat zna chyba ka\u017cdy z nas. A wiecie czyje to s\u0142owa? Wypowiedzia\u0142 je pedagog, pisarz Janusz Korczak. Przez wiele lat prowadzi\u0142 warszawski Dom Sierot. Dla dzieci by\u0142 Panem Doktorem. \u00a0I z dzie\u0107mi zgin\u0105\u0142 wywieziony do obozu koncentracyjnego.\u00a0 O \u017cyciu Janusza Korczaka mo\u017cna przeczyta\u0107 w ksi\u0105\u017cce Jest taka historia\u2026 Beaty Ostrowickiej. To jedna z wielu opowie\u015bci powsta\u0142ej w serii wydawniczej <strong>Wojny doros\u0142ych historie dzieci<\/strong> wydawnictwa Literatura. \u00a0Ksi\u0105\u017cki z tej serii w przyst\u0119pny dla dzieci spos\u00f3b m\u00f3wi\u0105 o wojnie, konfliktach, uchod\u017acach, wysiedleniach, a wszystko to z perspektywy najm\u0142odszych. Zawsze g\u0142\u00f3wnym bohaterem jest dziecko. Te opowie\u015bci pe\u0142ne s\u0105 wzrusze\u0144 ale co wa\u017cniejsze, dzi\u0119ki nim m\u0142odsi czytelnicy mog\u0105 pozna\u0107 sylwetki takich os\u00f3b jak np. Irena Sendlerowa czy Malala. By\u0107 mo\u017ce po lekturze tych opowie\u015bci\u00a0 ch\u0119tniej si\u0119gn\u0105 po podr\u0119cznik do historii, albo zaczn\u0105 zadawa\u0107 nam wi\u0119cej pyta\u0144. \u00a0B\u0105d\u017amy na to przygotowani.<\/p>\n<p>&nbsp;<\/p>\n<figure id=\"attachment_111\" aria-describedby=\"caption-attachment-111\" style=\"width: 640px\" class=\"wp-caption aligncenter\"><img loading=\"lazy\" class=\"wp-image-111 size-large\" src=\"https:\/\/martazbiblioteki.pl\/wp-content\/uploads\/2019\/01\/DSC01050-1024x679.jpg\" alt=\"\" width=\"640\" height=\"424\" srcset=\"https:\/\/martazbiblioteki.pl\/wp-content\/uploads\/2019\/01\/DSC01050-1024x679.jpg 1024w, https:\/\/martazbiblioteki.pl\/wp-content\/uploads\/2019\/01\/DSC01050-300x199.jpg 300w, https:\/\/martazbiblioteki.pl\/wp-content\/uploads\/2019\/01\/DSC01050-768x509.jpg 768w\" sizes=\"(max-width: 640px) 100vw, 640px\" \/><figcaption id=\"caption-attachment-111\" class=\"wp-caption-text\">\u00a0<\/figcaption><\/figure>\n<p>&nbsp;<\/p>\n<p>&nbsp;<\/p>\n<p><img loading=\"lazy\" class=\"wp-image-115 size-large\" src=\"https:\/\/martazbiblioteki.pl\/wp-content\/uploads\/2019\/01\/DSC01048-1024x679.jpg\" alt=\"\" width=\"640\" height=\"424\" srcset=\"https:\/\/martazbiblioteki.pl\/wp-content\/uploads\/2019\/01\/DSC01048-1024x679.jpg 1024w, https:\/\/martazbiblioteki.pl\/wp-content\/uploads\/2019\/01\/DSC01048-300x199.jpg 300w, https:\/\/martazbiblioteki.pl\/wp-content\/uploads\/2019\/01\/DSC01048-768x509.jpg 768w\" sizes=\"(max-width: 640px) 100vw, 640px\" \/><\/p>\n<p>&nbsp;<\/p>\n<p><img loading=\"lazy\" class=\"wp-image-114 size-large\" src=\"https:\/\/martazbiblioteki.pl\/wp-content\/uploads\/2019\/01\/DSC01046-1024x679.jpg\" alt=\"\" width=\"640\" height=\"424\" srcset=\"https:\/\/martazbiblioteki.pl\/wp-content\/uploads\/2019\/01\/DSC01046-1024x679.jpg 1024w, https:\/\/martazbiblioteki.pl\/wp-content\/uploads\/2019\/01\/DSC01046-300x199.jpg 300w, https:\/\/martazbiblioteki.pl\/wp-content\/uploads\/2019\/01\/DSC01046-768x509.jpg 768w\" sizes=\"(max-width: 640px) 100vw, 640px\" \/><\/p>\n<p>&nbsp;<\/p>\n<p><img loading=\"lazy\" class=\"wp-image-113 size-large\" src=\"https:\/\/martazbiblioteki.pl\/wp-content\/uploads\/2019\/01\/DSC01045-1024x679.jpg\" alt=\"\" width=\"640\" height=\"424\" srcset=\"https:\/\/martazbiblioteki.pl\/wp-content\/uploads\/2019\/01\/DSC01045-1024x679.jpg 1024w, https:\/\/martazbiblioteki.pl\/wp-content\/uploads\/2019\/01\/DSC01045-300x199.jpg 300w, https:\/\/martazbiblioteki.pl\/wp-content\/uploads\/2019\/01\/DSC01045-768x509.jpg 768w\" sizes=\"(max-width: 640px) 100vw, 640px\" \/><\/p>\n<p>&nbsp;<\/p>\n<p><img loading=\"lazy\" class=\"wp-image-110 size-large\" src=\"https:\/\/martazbiblioteki.pl\/wp-content\/uploads\/2019\/01\/DSC01043-1024x679.jpg\" alt=\"\" width=\"640\" height=\"424\" srcset=\"https:\/\/martazbiblioteki.pl\/wp-content\/uploads\/2019\/01\/DSC01043-1024x679.jpg 1024w, https:\/\/martazbiblioteki.pl\/wp-content\/uploads\/2019\/01\/DSC01043-300x199.jpg 300w, https:\/\/martazbiblioteki.pl\/wp-content\/uploads\/2019\/01\/DSC01043-768x509.jpg 768w\" sizes=\"(max-width: 640px) 100vw, 640px\" \/><\/p>\n<p>&nbsp;<\/p>\n<p><img loading=\"lazy\" class=\"wp-image-112 size-large\" src=\"https:\/\/martazbiblioteki.pl\/wp-content\/uploads\/2019\/01\/DSC01051-1024x679.jpg\" alt=\"\" width=\"640\" height=\"424\" srcset=\"https:\/\/martazbiblioteki.pl\/wp-content\/uploads\/2019\/01\/DSC01051-1024x679.jpg 1024w, https:\/\/martazbiblioteki.pl\/wp-content\/uploads\/2019\/01\/DSC01051-300x199.jpg 300w, https:\/\/martazbiblioteki.pl\/wp-content\/uploads\/2019\/01\/DSC01051-768x509.jpg 768w\" sizes=\"(max-width: 640px) 100vw, 640px\" \/><\/p>\n<p>&nbsp;<\/p>\n<p>Wi\u0119cej informacji:\u00a0https:\/\/www.wydawnictwoliteratura.pl\/<\/p>\n","protected":false},"excerpt":{"rendered":"<p>\u201eGdy \u015bmieje si\u0119 dziecko, \u015bmieje si\u0119 ca\u0142y \u015bwiat\u201d- ten cytat zna chyba ka\u017cdy z nas. A wiecie czyje to s\u0142owa? Wypowiedzia\u0142 je pedagog, pisarz Janusz Korczak. Przez wiele lat prowadzi\u0142 warszawski Dom Sierot. Dla dzieci by\u0142 Panem Doktorem. \u00a0I z dzie\u0107mi zgin\u0105\u0142 wywieziony do obozu koncentracyjnego.\u00a0 O \u017cyciu Janusza Korczaka mo\u017cna przeczyta\u0107 w ksi\u0105\u017cce Jest &hellip; <\/p>\n","protected":false},"author":1,"featured_media":0,"comment_status":"open","ping_status":"open","sticky":false,"template":"","format":"standard","meta":[],"categories":[1],"tags":[],"_links":{"self":[{"href":"https:\/\/martazbiblioteki.pl\/index.php\/wp-json\/wp\/v2\/posts\/109"}],"collection":[{"href":"https:\/\/martazbiblioteki.pl\/index.php\/wp-json\/wp\/v2\/posts"}],"about":[{"href":"https:\/\/martazbiblioteki.pl\/index.php\/wp-json\/wp\/v2\/types\/post"}],"author":[{"embeddable":true,"href":"https:\/\/martazbiblioteki.pl\/index.php\/wp-json\/wp\/v2\/users\/1"}],"replies":[{"embeddable":true,"href":"https:\/\/martazbiblioteki.pl\/index.php\/wp-json\/wp\/v2\/comments?post=109"}],"version-history":[{"count":1,"href":"https:\/\/martazbiblioteki.pl\/index.php\/wp-json\/wp\/v2\/posts\/109\/revisions"}],"predecessor-version":[{"id":116,"href":"https:\/\/martazbiblioteki.pl\/index.php\/wp-json\/wp\/v2\/posts\/109\/revisions\/116"}],"wp:attachment":[{"href":"https:\/\/martazbiblioteki.pl\/index.php\/wp-json\/wp\/v2\/media?parent=109"}],"wp:term":[{"taxonomy":"category","embeddable":true,"href":"https:\/\/martazbiblioteki.pl\/index.php\/wp-json\/wp\/v2\/categories?post=109"},{"taxonomy":"post_tag","embeddable":true,"href":"https:\/\/martazbiblioteki.pl\/index.php\/wp-json\/wp\/v2\/tags?post=109"}],"curies":[{"name":"wp","href":"https:\/\/api.w.org\/{rel}","templated":true}]}}