{"id":1111,"date":"2024-03-22T14:26:35","date_gmt":"2024-03-22T13:26:35","guid":{"rendered":"https:\/\/martazbiblioteki.pl\/?p=1111"},"modified":"2024-03-26T13:31:02","modified_gmt":"2024-03-26T12:31:02","slug":"nasz-azyl-niespodzianka-dla-nauczycieli-bibliotekarzy-edukatorow-i-rodzicow","status":"publish","type":"post","link":"https:\/\/martazbiblioteki.pl\/index.php\/2024\/03\/22\/nasz-azyl-niespodzianka-dla-nauczycieli-bibliotekarzy-edukatorow-i-rodzicow\/","title":{"rendered":"Nasz azyl- niespodzianka dla nauczycieli, bibliotekarzy, edukator\u00f3w i rodzic\u00f3w"},"content":{"rendered":"<p>Dostaj\u0119 od Was wiadomo\u015bci, \u017ce Wasze dzieci czytaj\u0105 Nasz azyl jako lektur\u0119 dodatkow\u0105 i opowiadaj\u0105 o mojej ksi\u0105\u017cce na lekcjach. Takie wiadomo\u015bci dodaj\u0105 skrzyde\u0142. Dlatego przygotowa\u0142am niespodziank\u0119. Pakiet materia\u0142\u00f3w, kt\u00f3re mog\u0105 przyda\u0107 si\u0119 do om\u00f3wienia Naszego azylu w szkole ale te\u017c w domu, po samodzielnym czytaniu.<\/p>\n<p>W sk\u0142ad pakietu wchodz\u0105:<\/p>\n<ol>\n<li>Obrazowa grafika przydatna przy omawianiu lektury<\/li>\n<li>Ciekawostki o ksi\u0105\u017cce i nie tylko<\/li>\n<li>Grafika, dzi\u0119ki kt\u00f3rej dzieci mog\u0105 napisa\u0107 wiadomo\u015b\u0107 lub list do Rysia<\/li>\n<li>Przydatne linki, kt\u00f3re mog\u0105 powi\u0119kszy\u0107 wiedz\u0119 i rozbudzi\u0107 ciekawo\u015b\u0107<\/li>\n<li>Teatr cieni do samodzielnego wycinania<\/li>\n<\/ol>\n<p>Materia\u0142y s\u0105 bezp\u0142atne i mo\u017cecie je pobra\u0107 poni\u017cej:<\/p>\n<p><a href=\"https:\/\/martazbiblioteki.pl\/wp-content\/uploads\/2024\/03\/Nasz-azyl-materialy-dla-nauczycieli-bibliotekarzy-i-edukatorow.pdf\">Nasz azyl materia\u0142y dla nauczycieli, bibliotekarzy i edukator\u00f3w<\/a><\/p>\n<p>Mi\u0142ej przygody z ksi\u0105\u017ck\u0105.<\/p>\n<p>&nbsp;<\/p>\n<p><img loading=\"lazy\" class=\"aligncenter wp-image-1110 size-full\" src=\"https:\/\/martazbiblioteki.pl\/wp-content\/uploads\/2024\/03\/Nasz-azyl.jpg\" alt=\"\" width=\"1080\" height=\"1080\" srcset=\"https:\/\/martazbiblioteki.pl\/wp-content\/uploads\/2024\/03\/Nasz-azyl.jpg 1080w, https:\/\/martazbiblioteki.pl\/wp-content\/uploads\/2024\/03\/Nasz-azyl-300x300.jpg 300w, https:\/\/martazbiblioteki.pl\/wp-content\/uploads\/2024\/03\/Nasz-azyl-1024x1024.jpg 1024w, https:\/\/martazbiblioteki.pl\/wp-content\/uploads\/2024\/03\/Nasz-azyl-150x150.jpg 150w, https:\/\/martazbiblioteki.pl\/wp-content\/uploads\/2024\/03\/Nasz-azyl-768x768.jpg 768w\" sizes=\"(max-width: 1080px) 100vw, 1080px\" \/><\/p>\n","protected":false},"excerpt":{"rendered":"<p>Dostaj\u0119 od Was wiadomo\u015bci, \u017ce Wasze dzieci czytaj\u0105 Nasz azyl jako lektur\u0119 dodatkow\u0105 i opowiadaj\u0105 o mojej ksi\u0105\u017cce na lekcjach. Takie wiadomo\u015bci dodaj\u0105 skrzyde\u0142. Dlatego przygotowa\u0142am niespodziank\u0119. Pakiet materia\u0142\u00f3w, kt\u00f3re mog\u0105 przyda\u0107 si\u0119 do om\u00f3wienia Naszego azylu w szkole ale te\u017c w domu, po samodzielnym czytaniu. W sk\u0142ad pakietu wchodz\u0105: Obrazowa grafika przydatna przy omawianiu &hellip; <\/p>\n","protected":false},"author":1,"featured_media":0,"comment_status":"closed","ping_status":"closed","sticky":false,"template":"","format":"standard","meta":[],"categories":[1],"tags":[],"_links":{"self":[{"href":"https:\/\/martazbiblioteki.pl\/index.php\/wp-json\/wp\/v2\/posts\/1111"}],"collection":[{"href":"https:\/\/martazbiblioteki.pl\/index.php\/wp-json\/wp\/v2\/posts"}],"about":[{"href":"https:\/\/martazbiblioteki.pl\/index.php\/wp-json\/wp\/v2\/types\/post"}],"author":[{"embeddable":true,"href":"https:\/\/martazbiblioteki.pl\/index.php\/wp-json\/wp\/v2\/users\/1"}],"replies":[{"embeddable":true,"href":"https:\/\/martazbiblioteki.pl\/index.php\/wp-json\/wp\/v2\/comments?post=1111"}],"version-history":[{"count":4,"href":"https:\/\/martazbiblioteki.pl\/index.php\/wp-json\/wp\/v2\/posts\/1111\/revisions"}],"predecessor-version":[{"id":1115,"href":"https:\/\/martazbiblioteki.pl\/index.php\/wp-json\/wp\/v2\/posts\/1111\/revisions\/1115"}],"wp:attachment":[{"href":"https:\/\/martazbiblioteki.pl\/index.php\/wp-json\/wp\/v2\/media?parent=1111"}],"wp:term":[{"taxonomy":"category","embeddable":true,"href":"https:\/\/martazbiblioteki.pl\/index.php\/wp-json\/wp\/v2\/categories?post=1111"},{"taxonomy":"post_tag","embeddable":true,"href":"https:\/\/martazbiblioteki.pl\/index.php\/wp-json\/wp\/v2\/tags?post=1111"}],"curies":[{"name":"wp","href":"https:\/\/api.w.org\/{rel}","templated":true}]}}