{"id":1116,"date":"2024-03-29T11:36:11","date_gmt":"2024-03-29T10:36:11","guid":{"rendered":"https:\/\/martazbiblioteki.pl\/?p=1116"},"modified":"2024-03-29T11:37:19","modified_gmt":"2024-03-29T10:37:19","slug":"miedzynarodowy-dzien-ksiazki-dla-dzieci","status":"publish","type":"post","link":"https:\/\/martazbiblioteki.pl\/index.php\/2024\/03\/29\/miedzynarodowy-dzien-ksiazki-dla-dzieci\/","title":{"rendered":"Mi\u0119dzynarodowy Dzie\u0144 Ksi\u0105\u017cki dla Dzieci"},"content":{"rendered":"<p>\u015awi\u0119tujemy pi\u0119kny dzie\u0144! Mi\u0119dzynarodowy Dzie\u0144 Ksi\u0105\u017cki dla Dzieci ustanowiony przez sekcje IBBY (Mi\u0119dzynarodowa Izba ds. Ksi\u0105\u017cek dla M\u0142odych). Data te\u017c nie jest przypadkowa. 2 kwietnia przypada rocznica urodzin najs\u0142awniejszego bajkopisarza na \u015bwiecie Jana Christiana Andersena. Chocia\u017c od propagowania czytelnictwa w\u015br\u00f3d najm\u0142odszych nie ma wolnego to ten dzie\u0144 jest swoistym \u015bwi\u0119tem, kt\u00f3re pozwala na pochylenie si\u0119 nad kondycj\u0105 dzieci\u0119cego czytelnictwa ale przede wszystkim jest kolejnym powodem do radosnego \u015bwi\u0119towania z ksi\u0105\u017ck\u0105. Dlatego nie by\u0142abym sob\u0105, gdybym czego\u015b dla Was nie przygotowa\u0142a. <em><strong>Bajkowe podchody<\/strong><\/em>\u00a0 to m\u00f3j pomys\u0142 na sp\u0119dzenie tego dnia. (ale tak\u017ce ka\u017cdego innego je\u015bli tylko macie chwile na zabaw\u0119). Pogoda zaczyna nas rozpieszcza\u0107. Na pewno szukacie pomys\u0142u na zabawy na dworze.<\/p>\n<p>Wystarczy klikn\u0105\u0107 w link, kt\u00f3ry znajduje si\u0119 poni\u017cej wydrukowa\u0107 karty, instrukcje i ju\u017c mo\u017cna si\u0119 bawi\u0107.<\/p>\n<p><a href=\"https:\/\/martazbiblioteki.pl\/wp-content\/uploads\/2024\/03\/Bajkowe-podchody-na-Swiatowy-Dzien-Ksiazki-dla-dzieci.pdf\">Bajkowe podchody na \u015awiatowy Dzie\u0144 Ksi\u0105\u017cki dla dzieci<\/a><\/p>\n<p>&nbsp;<\/p>\n<p>Mi\u0142ej zabawy.<\/p>\n<p>Pi\u0119knego dnia.<\/p>\n","protected":false},"excerpt":{"rendered":"<p>\u015awi\u0119tujemy pi\u0119kny dzie\u0144! Mi\u0119dzynarodowy Dzie\u0144 Ksi\u0105\u017cki dla Dzieci ustanowiony przez sekcje IBBY (Mi\u0119dzynarodowa Izba ds. Ksi\u0105\u017cek dla M\u0142odych). Data te\u017c nie jest przypadkowa. 2 kwietnia przypada rocznica urodzin najs\u0142awniejszego bajkopisarza na \u015bwiecie Jana Christiana Andersena. Chocia\u017c od propagowania czytelnictwa w\u015br\u00f3d najm\u0142odszych nie ma wolnego to ten dzie\u0144 jest swoistym \u015bwi\u0119tem, kt\u00f3re pozwala na pochylenie si\u0119 &hellip; <\/p>\n","protected":false},"author":1,"featured_media":0,"comment_status":"closed","ping_status":"closed","sticky":false,"template":"","format":"standard","meta":[],"categories":[5,4,1],"tags":[],"_links":{"self":[{"href":"https:\/\/martazbiblioteki.pl\/index.php\/wp-json\/wp\/v2\/posts\/1116"}],"collection":[{"href":"https:\/\/martazbiblioteki.pl\/index.php\/wp-json\/wp\/v2\/posts"}],"about":[{"href":"https:\/\/martazbiblioteki.pl\/index.php\/wp-json\/wp\/v2\/types\/post"}],"author":[{"embeddable":true,"href":"https:\/\/martazbiblioteki.pl\/index.php\/wp-json\/wp\/v2\/users\/1"}],"replies":[{"embeddable":true,"href":"https:\/\/martazbiblioteki.pl\/index.php\/wp-json\/wp\/v2\/comments?post=1116"}],"version-history":[{"count":2,"href":"https:\/\/martazbiblioteki.pl\/index.php\/wp-json\/wp\/v2\/posts\/1116\/revisions"}],"predecessor-version":[{"id":1119,"href":"https:\/\/martazbiblioteki.pl\/index.php\/wp-json\/wp\/v2\/posts\/1116\/revisions\/1119"}],"wp:attachment":[{"href":"https:\/\/martazbiblioteki.pl\/index.php\/wp-json\/wp\/v2\/media?parent=1116"}],"wp:term":[{"taxonomy":"category","embeddable":true,"href":"https:\/\/martazbiblioteki.pl\/index.php\/wp-json\/wp\/v2\/categories?post=1116"},{"taxonomy":"post_tag","embeddable":true,"href":"https:\/\/martazbiblioteki.pl\/index.php\/wp-json\/wp\/v2\/tags?post=1116"}],"curies":[{"name":"wp","href":"https:\/\/api.w.org\/{rel}","templated":true}]}}