{"id":1150,"date":"2024-07-26T13:53:10","date_gmt":"2024-07-26T11:53:10","guid":{"rendered":"https:\/\/martazbiblioteki.pl\/?p=1150"},"modified":"2024-07-26T13:53:53","modified_gmt":"2024-07-26T11:53:53","slug":"spacer-po-jezycach","status":"publish","type":"post","link":"https:\/\/martazbiblioteki.pl\/index.php\/2024\/07\/26\/spacer-po-jezycach\/","title":{"rendered":"Spacer po Je\u017cycach"},"content":{"rendered":"<p>Pozna\u0144 mo\u017ce by\u0107 rozkopany, remontowany, zakorkowany a i tak go kocham. C\u00f3\u017c poradzi\u0107 mi\u0142o\u015b\u0107 bywa \u015blepa. \ud83d\ude09 Kiedy\u015b planowa\u0142am mieszka\u0107 w Poznaniu a moj\u0105 ulubion\u0105 dzielnic\u0105 by\u0142y Je\u017cyce. Marzenie o mieszkaniu si\u0119 nie spe\u0142ni\u0142o za to sentyment do Je\u017cyc zosta\u0142. Dlatego wczoraj przy okazji spaceru po Poznaniu odwiedzi\u0142am miejsce gdzie powsta\u0142 pi\u0119kny<strong> mural<\/strong> na cze\u015b\u0107 ksi\u0105\u017cek <strong>Ma\u0142gorzaty Musierowicz z serii Je\u017cycjada.<\/strong><\/p>\n<p><img loading=\"lazy\" class=\"aligncenter wp-image-1143 size-large\" src=\"https:\/\/martazbiblioteki.pl\/wp-content\/uploads\/2024\/07\/IMG_20240725_090336-768x1024.jpg\" alt=\"\" width=\"640\" height=\"853\" srcset=\"https:\/\/martazbiblioteki.pl\/wp-content\/uploads\/2024\/07\/IMG_20240725_090336-768x1024.jpg 768w, https:\/\/martazbiblioteki.pl\/wp-content\/uploads\/2024\/07\/IMG_20240725_090336-225x300.jpg 225w, https:\/\/martazbiblioteki.pl\/wp-content\/uploads\/2024\/07\/IMG_20240725_090336-1152x1536.jpg 1152w, https:\/\/martazbiblioteki.pl\/wp-content\/uploads\/2024\/07\/IMG_20240725_090336-1536x2048.jpg 1536w, https:\/\/martazbiblioteki.pl\/wp-content\/uploads\/2024\/07\/IMG_20240725_090336-scaled.jpg 1920w\" sizes=\"(max-width: 640px) 100vw, 640px\" \/><\/p>\n<p>Mural znajduj\u0119 si\u0119 na ulicy S\u0142owackiego 62. Tymczasem kamienica Borejk\u00f3w usytuowana jest na ulicy Roosevelta 5.\u00a0 Mural jest ogromny. Zajmuj\u0119 trzy pi\u0119tra kamienicy. Znajduj\u0105 si\u0119 na nim wszyscy bohaterowie ksi\u0105\u017cek. Nie zapomniano nawet o zwierzakach. Dla fan\u00f3w serii to prawdziwa gratka.<\/p>\n<p>&nbsp;<\/p>\n<p>&nbsp;<\/p>\n<p><img loading=\"lazy\" class=\"aligncenter wp-image-1145 size-large\" src=\"https:\/\/martazbiblioteki.pl\/wp-content\/uploads\/2024\/07\/IMG_20240725_090518-768x1024.jpg\" alt=\"\" width=\"640\" height=\"853\" srcset=\"https:\/\/martazbiblioteki.pl\/wp-content\/uploads\/2024\/07\/IMG_20240725_090518-768x1024.jpg 768w, https:\/\/martazbiblioteki.pl\/wp-content\/uploads\/2024\/07\/IMG_20240725_090518-225x300.jpg 225w, https:\/\/martazbiblioteki.pl\/wp-content\/uploads\/2024\/07\/IMG_20240725_090518-1152x1536.jpg 1152w, https:\/\/martazbiblioteki.pl\/wp-content\/uploads\/2024\/07\/IMG_20240725_090518-1536x2048.jpg 1536w, https:\/\/martazbiblioteki.pl\/wp-content\/uploads\/2024\/07\/IMG_20240725_090518-scaled.jpg 1920w\" sizes=\"(max-width: 640px) 100vw, 640px\" \/><\/p>\n<p>&nbsp;<\/p>\n<p><img loading=\"lazy\" class=\"aligncenter wp-image-1146 size-large\" src=\"https:\/\/martazbiblioteki.pl\/wp-content\/uploads\/2024\/07\/IMG_20240725_090535-768x1024.jpg\" alt=\"\" width=\"640\" height=\"853\" srcset=\"https:\/\/martazbiblioteki.pl\/wp-content\/uploads\/2024\/07\/IMG_20240725_090535-768x1024.jpg 768w, https:\/\/martazbiblioteki.pl\/wp-content\/uploads\/2024\/07\/IMG_20240725_090535-225x300.jpg 225w, https:\/\/martazbiblioteki.pl\/wp-content\/uploads\/2024\/07\/IMG_20240725_090535-1152x1536.jpg 1152w, https:\/\/martazbiblioteki.pl\/wp-content\/uploads\/2024\/07\/IMG_20240725_090535-1536x2048.jpg 1536w, https:\/\/martazbiblioteki.pl\/wp-content\/uploads\/2024\/07\/IMG_20240725_090535-scaled.jpg 1920w\" sizes=\"(max-width: 640px) 100vw, 640px\" \/><\/p>\n<p>&nbsp;<\/p>\n<p><img loading=\"lazy\" class=\"aligncenter wp-image-1144 size-large\" src=\"https:\/\/martazbiblioteki.pl\/wp-content\/uploads\/2024\/07\/IMG_20240725_090504-768x1024.jpg\" alt=\"\" width=\"640\" height=\"853\" srcset=\"https:\/\/martazbiblioteki.pl\/wp-content\/uploads\/2024\/07\/IMG_20240725_090504-768x1024.jpg 768w, https:\/\/martazbiblioteki.pl\/wp-content\/uploads\/2024\/07\/IMG_20240725_090504-225x300.jpg 225w, https:\/\/martazbiblioteki.pl\/wp-content\/uploads\/2024\/07\/IMG_20240725_090504-1152x1536.jpg 1152w, https:\/\/martazbiblioteki.pl\/wp-content\/uploads\/2024\/07\/IMG_20240725_090504-1536x2048.jpg 1536w, https:\/\/martazbiblioteki.pl\/wp-content\/uploads\/2024\/07\/IMG_20240725_090504-scaled.jpg 1920w\" sizes=\"(max-width: 640px) 100vw, 640px\" \/><\/p>\n<p>&nbsp;<\/p>\n<p><img loading=\"lazy\" class=\"aligncenter wp-image-1147 size-large\" src=\"https:\/\/martazbiblioteki.pl\/wp-content\/uploads\/2024\/07\/IMG_20240725_090539-768x1024.jpg\" alt=\"\" width=\"640\" height=\"853\" srcset=\"https:\/\/martazbiblioteki.pl\/wp-content\/uploads\/2024\/07\/IMG_20240725_090539-768x1024.jpg 768w, https:\/\/martazbiblioteki.pl\/wp-content\/uploads\/2024\/07\/IMG_20240725_090539-225x300.jpg 225w, https:\/\/martazbiblioteki.pl\/wp-content\/uploads\/2024\/07\/IMG_20240725_090539-1152x1536.jpg 1152w, https:\/\/martazbiblioteki.pl\/wp-content\/uploads\/2024\/07\/IMG_20240725_090539-1536x2048.jpg 1536w, https:\/\/martazbiblioteki.pl\/wp-content\/uploads\/2024\/07\/IMG_20240725_090539-scaled.jpg 1920w\" sizes=\"(max-width: 640px) 100vw, 640px\" \/><\/p>\n<p>Mural zaprojektowa\u0142 Rados\u0142aw Barek a wykonali arty\u015bci i artystki ze studia MUR ALL.<\/p>\n<p>&nbsp;<\/p>\n<p><img loading=\"lazy\" class=\"aligncenter wp-image-1148 size-large\" src=\"https:\/\/martazbiblioteki.pl\/wp-content\/uploads\/2024\/07\/IMG_20240725_090547-768x1024.jpg\" alt=\"\" width=\"640\" height=\"853\" srcset=\"https:\/\/martazbiblioteki.pl\/wp-content\/uploads\/2024\/07\/IMG_20240725_090547-768x1024.jpg 768w, https:\/\/martazbiblioteki.pl\/wp-content\/uploads\/2024\/07\/IMG_20240725_090547-225x300.jpg 225w, https:\/\/martazbiblioteki.pl\/wp-content\/uploads\/2024\/07\/IMG_20240725_090547-1152x1536.jpg 1152w, https:\/\/martazbiblioteki.pl\/wp-content\/uploads\/2024\/07\/IMG_20240725_090547-1536x2048.jpg 1536w, https:\/\/martazbiblioteki.pl\/wp-content\/uploads\/2024\/07\/IMG_20240725_090547-scaled.jpg 1920w\" sizes=\"(max-width: 640px) 100vw, 640px\" \/><\/p>\n<p><img loading=\"lazy\" class=\"aligncenter wp-image-1149 size-large\" src=\"https:\/\/martazbiblioteki.pl\/wp-content\/uploads\/2024\/07\/IMG_20240725_090554-768x1024.jpg\" alt=\"\" width=\"640\" height=\"853\" srcset=\"https:\/\/martazbiblioteki.pl\/wp-content\/uploads\/2024\/07\/IMG_20240725_090554-768x1024.jpg 768w, https:\/\/martazbiblioteki.pl\/wp-content\/uploads\/2024\/07\/IMG_20240725_090554-225x300.jpg 225w, https:\/\/martazbiblioteki.pl\/wp-content\/uploads\/2024\/07\/IMG_20240725_090554-1152x1536.jpg 1152w, https:\/\/martazbiblioteki.pl\/wp-content\/uploads\/2024\/07\/IMG_20240725_090554-1536x2048.jpg 1536w, https:\/\/martazbiblioteki.pl\/wp-content\/uploads\/2024\/07\/IMG_20240725_090554-scaled.jpg 1920w\" sizes=\"(max-width: 640px) 100vw, 640px\" \/><\/p>\n<p>&nbsp;<\/p>\n<p>A je\u015bli macie ochot\u0119 na d\u0142u\u017cszy spacer po Je\u017cycach \u015bladami rodziny Borejk\u00f3w to koniecznie musicie rozwi\u0105za\u0107 quest: https:\/\/questy.org.pl\/quest\/jezyckimi-sladami-malgorzaty-musierowicz<\/p>\n<p>&nbsp;<\/p>\n<p>Jak Wam si\u0119 podoba mural? a mo\u017ce macie pomys\u0142 na mural z innymi bohaterami z ksi\u0105\u017cek. Jestem ciekawa i czekam na Wasze wiadomo\u015bci.<\/p>\n<p>&nbsp;<\/p>\n<p>&nbsp;<\/p>\n","protected":false},"excerpt":{"rendered":"<p>Pozna\u0144 mo\u017ce by\u0107 rozkopany, remontowany, zakorkowany a i tak go kocham. C\u00f3\u017c poradzi\u0107 mi\u0142o\u015b\u0107 bywa \u015blepa. \ud83d\ude09 Kiedy\u015b planowa\u0142am mieszka\u0107 w Poznaniu a moj\u0105 ulubion\u0105 dzielnic\u0105 by\u0142y Je\u017cyce. Marzenie o mieszkaniu si\u0119 nie spe\u0142ni\u0142o za to sentyment do Je\u017cyc zosta\u0142. Dlatego wczoraj przy okazji spaceru po Poznaniu odwiedzi\u0142am miejsce gdzie powsta\u0142 pi\u0119kny mural na cze\u015b\u0107 &hellip; <\/p>\n","protected":false},"author":1,"featured_media":0,"comment_status":"closed","ping_status":"closed","sticky":false,"template":"","format":"standard","meta":[],"categories":[4,1],"tags":[],"_links":{"self":[{"href":"https:\/\/martazbiblioteki.pl\/index.php\/wp-json\/wp\/v2\/posts\/1150"}],"collection":[{"href":"https:\/\/martazbiblioteki.pl\/index.php\/wp-json\/wp\/v2\/posts"}],"about":[{"href":"https:\/\/martazbiblioteki.pl\/index.php\/wp-json\/wp\/v2\/types\/post"}],"author":[{"embeddable":true,"href":"https:\/\/martazbiblioteki.pl\/index.php\/wp-json\/wp\/v2\/users\/1"}],"replies":[{"embeddable":true,"href":"https:\/\/martazbiblioteki.pl\/index.php\/wp-json\/wp\/v2\/comments?post=1150"}],"version-history":[{"count":2,"href":"https:\/\/martazbiblioteki.pl\/index.php\/wp-json\/wp\/v2\/posts\/1150\/revisions"}],"predecessor-version":[{"id":1152,"href":"https:\/\/martazbiblioteki.pl\/index.php\/wp-json\/wp\/v2\/posts\/1150\/revisions\/1152"}],"wp:attachment":[{"href":"https:\/\/martazbiblioteki.pl\/index.php\/wp-json\/wp\/v2\/media?parent=1150"}],"wp:term":[{"taxonomy":"category","embeddable":true,"href":"https:\/\/martazbiblioteki.pl\/index.php\/wp-json\/wp\/v2\/categories?post=1150"},{"taxonomy":"post_tag","embeddable":true,"href":"https:\/\/martazbiblioteki.pl\/index.php\/wp-json\/wp\/v2\/tags?post=1150"}],"curies":[{"name":"wp","href":"https:\/\/api.w.org\/{rel}","templated":true}]}}