{"id":1222,"date":"2025-04-27T10:27:16","date_gmt":"2025-04-27T08:27:16","guid":{"rendered":"https:\/\/martazbiblioteki.pl\/?p=1222"},"modified":"2025-04-27T10:27:16","modified_gmt":"2025-04-27T08:27:16","slug":"pomysl-na-majowke-z-ciocia-jadzia","status":"publish","type":"post","link":"https:\/\/martazbiblioteki.pl\/index.php\/2025\/04\/27\/pomysl-na-majowke-z-ciocia-jadzia\/","title":{"rendered":"Pomys\u0142 na Maj\u00f3wk\u0119 z Cioci\u0105 Jadzi\u0105"},"content":{"rendered":"<p>O tym \u017ce moja Hania jest wielk\u0105 fank\u0105 Cioci Jadzi wiedz\u0105 ju\u017c nawet czytelnicy mojej biblioteki, bo z wielkim zaanga\u017cowaniem poleca im te ksi\u0105\u017cki, gdy tylko odwiedza mnie w pracy. Dlatego musia\u0142y\u015bmy skorzysta\u0107 ze wspania\u0142ej oferty Muzeum Narodowego w Poznaniu.<\/p>\n<p><img loading=\"lazy\" class=\"aligncenter wp-image-1221 size-medium\" src=\"https:\/\/martazbiblioteki.pl\/wp-content\/uploads\/2025\/04\/ciocia-jadzia-300x300.webp\" alt=\"\" width=\"300\" height=\"300\" srcset=\"https:\/\/martazbiblioteki.pl\/wp-content\/uploads\/2025\/04\/ciocia-jadzia-300x300.webp 300w, https:\/\/martazbiblioteki.pl\/wp-content\/uploads\/2025\/04\/ciocia-jadzia-150x150.webp 150w, https:\/\/martazbiblioteki.pl\/wp-content\/uploads\/2025\/04\/ciocia-jadzia.webp 600w\" sizes=\"(max-width: 300px) 100vw, 300px\" \/><\/p>\n<p>Wczoraj zwiedzi\u0142y\u015bmy Galeri\u0119 Sztuki Polskiej z Cioci\u0105 Jadzi\u0105 i jej siostrzenic\u0105 Zosi\u0105 za pomoc\u0105 s\u0142uchowiska Jadzi\u0119 kr\u0119c\u0119. To jest sztuka. Polecamy serdecznie. Potrzebujecie do tego telefonu i s\u0142uchawek. (w Muzeum nie ma sieci WI-Fi). Tu\u017c przy schodach znajduj\u0119 si\u0119 plakat z kodem QR. Skanujecie i jeste\u015bcie gotowi na artystyczn\u0105 przygod\u0119. S\u0142uchowisko trwa 35 minut. Powsta\u0142o przy wsp\u00f3\u0142pracy z Teatrem Animacji w Poznaniu. G\u0142osu Cioci Jadzi u\u017cyczy\u0142a autorka serii Eliza Piotrowska.<\/p>\n<p>&nbsp;<\/p>\n<p><img loading=\"lazy\" class=\"aligncenter wp-image-1212 size-large\" src=\"https:\/\/martazbiblioteki.pl\/wp-content\/uploads\/2025\/04\/IMG_20250426_134637_1-768x1024.jpg\" alt=\"\" width=\"640\" height=\"853\" srcset=\"https:\/\/martazbiblioteki.pl\/wp-content\/uploads\/2025\/04\/IMG_20250426_134637_1-768x1024.jpg 768w, https:\/\/martazbiblioteki.pl\/wp-content\/uploads\/2025\/04\/IMG_20250426_134637_1-225x300.jpg 225w, https:\/\/martazbiblioteki.pl\/wp-content\/uploads\/2025\/04\/IMG_20250426_134637_1-1152x1536.jpg 1152w, https:\/\/martazbiblioteki.pl\/wp-content\/uploads\/2025\/04\/IMG_20250426_134637_1-1536x2048.jpg 1536w, https:\/\/martazbiblioteki.pl\/wp-content\/uploads\/2025\/04\/IMG_20250426_134637_1-scaled.jpg 1920w\" sizes=\"(max-width: 640px) 100vw, 640px\" \/><\/p>\n<p>&nbsp;<\/p>\n<p><img loading=\"lazy\" class=\"aligncenter wp-image-1213 size-large\" src=\"https:\/\/martazbiblioteki.pl\/wp-content\/uploads\/2025\/04\/IMG_20250426_135048-768x1024.jpg\" alt=\"\" width=\"640\" height=\"853\" srcset=\"https:\/\/martazbiblioteki.pl\/wp-content\/uploads\/2025\/04\/IMG_20250426_135048-768x1024.jpg 768w, https:\/\/martazbiblioteki.pl\/wp-content\/uploads\/2025\/04\/IMG_20250426_135048-225x300.jpg 225w, https:\/\/martazbiblioteki.pl\/wp-content\/uploads\/2025\/04\/IMG_20250426_135048-1152x1536.jpg 1152w, https:\/\/martazbiblioteki.pl\/wp-content\/uploads\/2025\/04\/IMG_20250426_135048-1536x2048.jpg 1536w, https:\/\/martazbiblioteki.pl\/wp-content\/uploads\/2025\/04\/IMG_20250426_135048-scaled.jpg 1920w\" sizes=\"(max-width: 640px) 100vw, 640px\" \/><\/p>\n<p><img loading=\"lazy\" class=\"aligncenter wp-image-1215 size-large\" src=\"https:\/\/martazbiblioteki.pl\/wp-content\/uploads\/2025\/04\/IMG_20250426_143839-768x1024.jpg\" alt=\"\" width=\"640\" height=\"853\" srcset=\"https:\/\/martazbiblioteki.pl\/wp-content\/uploads\/2025\/04\/IMG_20250426_143839-768x1024.jpg 768w, https:\/\/martazbiblioteki.pl\/wp-content\/uploads\/2025\/04\/IMG_20250426_143839-225x300.jpg 225w, https:\/\/martazbiblioteki.pl\/wp-content\/uploads\/2025\/04\/IMG_20250426_143839-1152x1536.jpg 1152w, https:\/\/martazbiblioteki.pl\/wp-content\/uploads\/2025\/04\/IMG_20250426_143839-1536x2048.jpg 1536w, https:\/\/martazbiblioteki.pl\/wp-content\/uploads\/2025\/04\/IMG_20250426_143839-scaled.jpg 1920w\" sizes=\"(max-width: 640px) 100vw, 640px\" \/><\/p>\n<p><img loading=\"lazy\" class=\"aligncenter wp-image-1216 size-large\" src=\"https:\/\/martazbiblioteki.pl\/wp-content\/uploads\/2025\/04\/IMG_20250426_143842-768x1024.jpg\" alt=\"\" width=\"640\" height=\"853\" srcset=\"https:\/\/martazbiblioteki.pl\/wp-content\/uploads\/2025\/04\/IMG_20250426_143842-768x1024.jpg 768w, https:\/\/martazbiblioteki.pl\/wp-content\/uploads\/2025\/04\/IMG_20250426_143842-225x300.jpg 225w, https:\/\/martazbiblioteki.pl\/wp-content\/uploads\/2025\/04\/IMG_20250426_143842-1152x1536.jpg 1152w, https:\/\/martazbiblioteki.pl\/wp-content\/uploads\/2025\/04\/IMG_20250426_143842-1536x2048.jpg 1536w, https:\/\/martazbiblioteki.pl\/wp-content\/uploads\/2025\/04\/IMG_20250426_143842-scaled.jpg 1920w\" sizes=\"(max-width: 640px) 100vw, 640px\" \/><\/p>\n<p>Mamy te\u017c dla Was \u015bwietn\u0105 wiadomo\u015b\u0107. Ju\u017c 13 czerwca Ciocia Jadzia b\u0119dzie osobi\u015bcie oprowadza\u0107 zwiedzaj\u0105cych po Galerii Sztuki Polskiej. Ale gratka!!!<\/p>\n<p>Tymczasem na ostatnim zdj\u0119ciu szcz\u0119\u015bliwa Hania, kt\u00f3ra stwierdzi\u0142a \u017ce s\u0142uchowisko mog\u0142oby by\u0107 jeszcze d\u0142u\u017csze.<\/p>\n<p>&nbsp;<\/p>\n<p>&nbsp;<\/p>\n<p><img loading=\"lazy\" class=\"aligncenter wp-image-1209 size-large\" src=\"https:\/\/martazbiblioteki.pl\/wp-content\/uploads\/2025\/04\/IMG_20250426_133918-768x1024.jpg\" alt=\"\" width=\"640\" height=\"853\" srcset=\"https:\/\/martazbiblioteki.pl\/wp-content\/uploads\/2025\/04\/IMG_20250426_133918-768x1024.jpg 768w, https:\/\/martazbiblioteki.pl\/wp-content\/uploads\/2025\/04\/IMG_20250426_133918-225x300.jpg 225w, https:\/\/martazbiblioteki.pl\/wp-content\/uploads\/2025\/04\/IMG_20250426_133918-1152x1536.jpg 1152w, https:\/\/martazbiblioteki.pl\/wp-content\/uploads\/2025\/04\/IMG_20250426_133918-1536x2048.jpg 1536w, https:\/\/martazbiblioteki.pl\/wp-content\/uploads\/2025\/04\/IMG_20250426_133918-scaled.jpg 1920w\" sizes=\"(max-width: 640px) 100vw, 640px\" \/><\/p>\n<p>Taka wycieczka mo\u017ce by\u0107 \u015bwietnym pomys\u0142em na czas zbli\u017caj\u0105cej si\u0119 Maj\u00f3wki. Oby \u015bwieci\u0142o dla nas S\u0142o\u0144ce i humory dopisywa\u0142y.<\/p>\n<p>P. S Zwiedzi\u0142y\u015bmy te\u017c wystaw\u0119 czasow\u0105 z dzie\u0142ami J\u00f3zefa Che\u0142mo\u0144skiego. Napisa\u0107 \u017ce jeste\u015bmy oczarowane to ma\u0142o&#8230;<\/p>\n<p>&nbsp;<\/p>\n<p><img loading=\"lazy\" class=\"aligncenter wp-image-1219 size-large\" src=\"https:\/\/martazbiblioteki.pl\/wp-content\/uploads\/2025\/04\/IMG_20250426_145618-768x1024.jpg\" alt=\"\" width=\"640\" height=\"853\" srcset=\"https:\/\/martazbiblioteki.pl\/wp-content\/uploads\/2025\/04\/IMG_20250426_145618-768x1024.jpg 768w, https:\/\/martazbiblioteki.pl\/wp-content\/uploads\/2025\/04\/IMG_20250426_145618-225x300.jpg 225w, https:\/\/martazbiblioteki.pl\/wp-content\/uploads\/2025\/04\/IMG_20250426_145618-1152x1536.jpg 1152w, https:\/\/martazbiblioteki.pl\/wp-content\/uploads\/2025\/04\/IMG_20250426_145618-1536x2048.jpg 1536w, https:\/\/martazbiblioteki.pl\/wp-content\/uploads\/2025\/04\/IMG_20250426_145618-scaled.jpg 1920w\" sizes=\"(max-width: 640px) 100vw, 640px\" \/><\/p>\n<p>&nbsp;<\/p>\n<p><img loading=\"lazy\" class=\"aligncenter wp-image-1218 size-large\" src=\"https:\/\/martazbiblioteki.pl\/wp-content\/uploads\/2025\/04\/IMG_20250426_145550-768x1024.jpg\" alt=\"\" width=\"640\" height=\"853\" srcset=\"https:\/\/martazbiblioteki.pl\/wp-content\/uploads\/2025\/04\/IMG_20250426_145550-768x1024.jpg 768w, https:\/\/martazbiblioteki.pl\/wp-content\/uploads\/2025\/04\/IMG_20250426_145550-225x300.jpg 225w, https:\/\/martazbiblioteki.pl\/wp-content\/uploads\/2025\/04\/IMG_20250426_145550-1152x1536.jpg 1152w, https:\/\/martazbiblioteki.pl\/wp-content\/uploads\/2025\/04\/IMG_20250426_145550-1536x2048.jpg 1536w, https:\/\/martazbiblioteki.pl\/wp-content\/uploads\/2025\/04\/IMG_20250426_145550-scaled.jpg 1920w\" sizes=\"(max-width: 640px) 100vw, 640px\" \/><\/p>\n<p>&nbsp;<\/p>\n<p>Grafika: https:\/\/www.mediarodzina.pl\/seria\/ciocia-jadzia\/<\/p>\n<p>Strona Muzeum: https:\/\/mnp.art.pl\/pl\/home-store<\/p>\n","protected":false},"excerpt":{"rendered":"<p>O tym \u017ce moja Hania jest wielk\u0105 fank\u0105 Cioci Jadzi wiedz\u0105 ju\u017c nawet czytelnicy mojej biblioteki, bo z wielkim zaanga\u017cowaniem poleca im te ksi\u0105\u017cki, gdy tylko odwiedza mnie w pracy. Dlatego musia\u0142y\u015bmy skorzysta\u0107 ze wspania\u0142ej oferty Muzeum Narodowego w Poznaniu. Wczoraj zwiedzi\u0142y\u015bmy Galeri\u0119 Sztuki Polskiej z Cioci\u0105 Jadzi\u0105 i jej siostrzenic\u0105 Zosi\u0105 za pomoc\u0105 s\u0142uchowiska &hellip; <\/p>\n","protected":false},"author":1,"featured_media":0,"comment_status":"closed","ping_status":"closed","sticky":false,"template":"","format":"standard","meta":[],"categories":[4,1],"tags":[],"_links":{"self":[{"href":"https:\/\/martazbiblioteki.pl\/index.php\/wp-json\/wp\/v2\/posts\/1222"}],"collection":[{"href":"https:\/\/martazbiblioteki.pl\/index.php\/wp-json\/wp\/v2\/posts"}],"about":[{"href":"https:\/\/martazbiblioteki.pl\/index.php\/wp-json\/wp\/v2\/types\/post"}],"author":[{"embeddable":true,"href":"https:\/\/martazbiblioteki.pl\/index.php\/wp-json\/wp\/v2\/users\/1"}],"replies":[{"embeddable":true,"href":"https:\/\/martazbiblioteki.pl\/index.php\/wp-json\/wp\/v2\/comments?post=1222"}],"version-history":[{"count":1,"href":"https:\/\/martazbiblioteki.pl\/index.php\/wp-json\/wp\/v2\/posts\/1222\/revisions"}],"predecessor-version":[{"id":1223,"href":"https:\/\/martazbiblioteki.pl\/index.php\/wp-json\/wp\/v2\/posts\/1222\/revisions\/1223"}],"wp:attachment":[{"href":"https:\/\/martazbiblioteki.pl\/index.php\/wp-json\/wp\/v2\/media?parent=1222"}],"wp:term":[{"taxonomy":"category","embeddable":true,"href":"https:\/\/martazbiblioteki.pl\/index.php\/wp-json\/wp\/v2\/categories?post=1222"},{"taxonomy":"post_tag","embeddable":true,"href":"https:\/\/martazbiblioteki.pl\/index.php\/wp-json\/wp\/v2\/tags?post=1222"}],"curies":[{"name":"wp","href":"https:\/\/api.w.org\/{rel}","templated":true}]}}