{"id":1240,"date":"2025-10-26T10:27:22","date_gmt":"2025-10-26T09:27:22","guid":{"rendered":"https:\/\/martazbiblioteki.pl\/?p=1240"},"modified":"2025-10-26T10:28:14","modified_gmt":"2025-10-26T09:28:14","slug":"mala-wojenna-biblioteka-od-refleksji-do-inspiracji","status":"publish","type":"post","link":"https:\/\/martazbiblioteki.pl\/index.php\/2025\/10\/26\/mala-wojenna-biblioteka-od-refleksji-do-inspiracji\/","title":{"rendered":"Ma\u0142a wojenna biblioteka- od refleksji do inspiracji"},"content":{"rendered":"<p>To nie b\u0119dzie klasyczna recenzja przeczytanej ksi\u0105\u017cki. Ma\u0142a wojenna biblioteka Kate Thomson sprawi\u0142a, \u017ce na nowo pouk\u0142ada\u0142am sobie my\u015blenie o moim zawodzie.<\/p>\n<p>Spytacie jak to mo\u017cliwe? Odpowiem &#8222;magia ksi\u0105\u017cki&#8221; Ta powie\u015b\u0107 inspirowana prawdziwymi wydarzeniami opowiada histori\u0119 Clary i Ruby dw\u00f3ch dziewcz\u0105t, kt\u00f3re w Londynie w czasie II Wojny \u015awiatowej pracuj\u0105 w bibliotece. Ale nie jest to zwyk\u0142a biblioteka. Trwa wojna. Londyn jest regularnie ostrzeliwany. W stacjach metra powstaj\u0105 schrony i&#8230;biblioteka. Biblioteka, kt\u00f3ra staje si\u0119 bezpieczn\u0105 przystani\u0105, miejscem wytchnienia i spotka\u0144 nie tylko z literatur\u0105 ale te\u017c z drugim cz\u0142owiekiem. Bethnal Green Library to miejsce wyj\u0105tkowe.<\/p>\n<p>Powie\u015b\u0107 \u015bwietnie si\u0119 czyta. Kibicujemy bohaterkom ale te\u017c odkrywamy jakie wojna odciska pi\u0119tno na cz\u0142owieku. Autorka wnikliwie przygotowa\u0142a si\u0119 do napisania tej ksi\u0105\u017cki. Mo\u017cecie przeczyta\u0107 rys historyczny a nawet zobaczy\u0107 zdj\u0119cia. Pisarka przeprowadzi\u0142a te\u017c liczne rozmowy z pracownikami bibliotek. Niesamowitym atutem powie\u015bci jest to \u017ce ka\u017cdy rozdzia\u0142 rozpoczyna si\u0119 cytatem bibliotekarza. I na pewno to sprawi\u0142o \u017ce przysz\u0142o mi do g\u0142owy wiele przemy\u015ble\u0144.<\/p>\n<p>&nbsp;<\/p>\n<blockquote><p><strong><em>&#8222;Od zawsze uwa\u017ca\u0142am, \u017ce bibliotekarze powinni zach\u0119ca\u0107, a nie os\u0105dza\u0107. Przede wszystkim powinno nam zale\u017ce\u0107 na zapewnieniu ludziom wspania\u0142ego do\u015bwiadczenia. Kim bowiem jeste\u015bmy, by decydowa\u0107, na czym owo do\u015bwiadczenie ma polega\u0107.&#8221;<\/em><\/strong><\/p>\n<p><strong><em>\/Alison Wheeler bibliotekarka, Dama Orderu Imperium Brytyjskiego\/<\/em><\/strong><\/p>\n<p><strong><em>&#8222;W obliczu przeciwno\u015bci bibliotekarze powinni wykazywa\u0107 si\u0119 niesko\u0144czon\u0105 cierpliwo\u015bci\u0105 i serdeczno\u015bci\u0105. Mi\u0142o\u015b\u0107 do ludzi jest r\u00f3wnie wa\u017cna- je\u015bli nie wa\u017cniejsza- jak mi\u0142o\u015b\u0107 do ksi\u0105\u017cek.&#8221;<\/em><\/strong><\/p>\n<p><strong><em>\/Charlotte Clark, kierowniczka Southwold Library\/<\/em><\/strong><\/p>\n<p><strong><em>&#8222;Ten moment, kiedy dziecko \u0142apie bakcyla, a ty wiesz \u017ce w\u0142a\u015bnie zaszczepi\u0142e\u015b w nim pasj\u0119 do czytania- czysta magia.&#8221;<\/em><\/strong><\/p>\n<p><strong><em>\/Donna Byrne bibliotekarka i specjalistka do spraw rozwoju czytelnictwa\/<\/em><\/strong><\/p>\n<p><em><strong>&#8222;Braki w funduszach nadrabiali\u015bmy wyobra\u017ani\u0105. Wszystko czego cz\u0142owiekowi potrzeba to mi\u0142o\u015b\u0107 i karta biblioteczna.&#8221;<\/strong><\/em><\/p>\n<p><em><strong>\/Clairre Harris, emerytowana bibliotekarka dzia\u0142u dzieci\u0119cego\/<\/strong><\/em><\/p>\n<p>&nbsp;<\/p><\/blockquote>\n<p>Podczas mojej prawie osiemnastoletniej pracy w roli bibliotekarza mia\u0142am chwile zw\u0105tpienia. Brakowa\u0142o si\u0142 na walk\u0119 ze stereotypami czy my\u015bleniem \u017ce czytanie ksi\u0105\u017cek tak naprawd\u0119 nie jest potrzebne. Z drugiej strony liczne realizowane projekty, rozmowy z czytelnikami i ich rodzicami, obserwowanie jak te dzieci dorastaj\u0105- to by\u0142a i jest\u00a0 prawdziwa magia. I je\u015bli kiedykolwiek zw\u0105tpi\u0119 w to jak wa\u017cna jest moja praca wr\u00f3c\u0119 do tej ksi\u0105\u017cki.<\/p>\n<p>&nbsp;<\/p>\n<p><img loading=\"lazy\" class=\"aligncenter wp-image-1242 size-large\" src=\"https:\/\/martazbiblioteki.pl\/wp-content\/uploads\/2025\/10\/9788308086407-693x1024.jpg\" alt=\"\" width=\"640\" height=\"946\" srcset=\"https:\/\/martazbiblioteki.pl\/wp-content\/uploads\/2025\/10\/9788308086407-693x1024.jpg 693w, https:\/\/martazbiblioteki.pl\/wp-content\/uploads\/2025\/10\/9788308086407-203x300.jpg 203w, https:\/\/martazbiblioteki.pl\/wp-content\/uploads\/2025\/10\/9788308086407.jpg 709w\" sizes=\"(max-width: 640px) 100vw, 640px\" \/><\/p>\n<p>Ma\u0142a wojenna biblioteka- Kate Thomson<\/p>\n<p>Wydawnictwo Literackie<\/p>\n","protected":false},"excerpt":{"rendered":"<p>To nie b\u0119dzie klasyczna recenzja przeczytanej ksi\u0105\u017cki. Ma\u0142a wojenna biblioteka Kate Thomson sprawi\u0142a, \u017ce na nowo pouk\u0142ada\u0142am sobie my\u015blenie o moim zawodzie. Spytacie jak to mo\u017cliwe? Odpowiem &#8222;magia ksi\u0105\u017cki&#8221; Ta powie\u015b\u0107 inspirowana prawdziwymi wydarzeniami opowiada histori\u0119 Clary i Ruby dw\u00f3ch dziewcz\u0105t, kt\u00f3re w Londynie w czasie II Wojny \u015awiatowej pracuj\u0105 w bibliotece. Ale nie jest &hellip; <\/p>\n","protected":false},"author":1,"featured_media":0,"comment_status":"closed","ping_status":"closed","sticky":false,"template":"","format":"standard","meta":[],"categories":[5,4,1],"tags":[],"_links":{"self":[{"href":"https:\/\/martazbiblioteki.pl\/index.php\/wp-json\/wp\/v2\/posts\/1240"}],"collection":[{"href":"https:\/\/martazbiblioteki.pl\/index.php\/wp-json\/wp\/v2\/posts"}],"about":[{"href":"https:\/\/martazbiblioteki.pl\/index.php\/wp-json\/wp\/v2\/types\/post"}],"author":[{"embeddable":true,"href":"https:\/\/martazbiblioteki.pl\/index.php\/wp-json\/wp\/v2\/users\/1"}],"replies":[{"embeddable":true,"href":"https:\/\/martazbiblioteki.pl\/index.php\/wp-json\/wp\/v2\/comments?post=1240"}],"version-history":[{"count":3,"href":"https:\/\/martazbiblioteki.pl\/index.php\/wp-json\/wp\/v2\/posts\/1240\/revisions"}],"predecessor-version":[{"id":1244,"href":"https:\/\/martazbiblioteki.pl\/index.php\/wp-json\/wp\/v2\/posts\/1240\/revisions\/1244"}],"wp:attachment":[{"href":"https:\/\/martazbiblioteki.pl\/index.php\/wp-json\/wp\/v2\/media?parent=1240"}],"wp:term":[{"taxonomy":"category","embeddable":true,"href":"https:\/\/martazbiblioteki.pl\/index.php\/wp-json\/wp\/v2\/categories?post=1240"},{"taxonomy":"post_tag","embeddable":true,"href":"https:\/\/martazbiblioteki.pl\/index.php\/wp-json\/wp\/v2\/tags?post=1240"}],"curies":[{"name":"wp","href":"https:\/\/api.w.org\/{rel}","templated":true}]}}