{"id":180,"date":"2019-04-01T13:00:23","date_gmt":"2019-04-01T11:00:23","guid":{"rendered":"http:\/\/martazbiblioteki.pl\/?p=180"},"modified":"2019-04-01T13:00:46","modified_gmt":"2019-04-01T11:00:46","slug":"o-kici-koci-i-witaminach","status":"publish","type":"post","link":"https:\/\/martazbiblioteki.pl\/index.php\/2019\/04\/01\/o-kici-koci-i-witaminach\/","title":{"rendered":"O Kici Koci i witaminach&#8230;"},"content":{"rendered":"<p>Do napisania tego posta zainspirowa\u0142a mnie moja przyjaci\u00f3\u0142ka, kt\u00f3rej dzieci uwielbiaj\u0105 r\u00f3\u017cnego rodzaju owocowe koktajle.Ja na razie nie musz\u0119 namawia\u0107 c\u00f3rki do jedzenia owoc\u00f3w i warzyw. Jeste\u015bmy na etapie, \u017ce\u00a0 wszystko jest &#8222;mniam&#8221;. Zobaczymy co b\u0119dzie p\u00f3\u017aniej&#8230; A jak jest u Was? Wasze dzieci ch\u0119tnie jedz\u0105 warzywa i owoce? Je\u015bli macie z tym problem si\u0119gnijcie po kolejn\u0105 ksi\u0105\u017ck\u0119 z serii Kicia Kocia Anity G\u0142owi\u0144skiej. Tym razem urocza bohaterka zaprasza na Witaminowe przyj\u0119cie. Oczywi\u015bcie najpierw Kicia Kocia ze swoim przyjacielem najedli si\u0119 s\u0142odyczy tak, \u017ce Kicie rozbola\u0142 brzuch, a Pacek wyl\u0105dowa\u0142 u dentysty. Po tych przykrych przygodach Kicia Kocia wpada na pomys\u0142 urz\u0105dzenia witaminowego przyj\u0119cia. Zaprasza na nie przyjaci\u00f3\u0142, kt\u00f3rzy ch\u0119tnie pr\u00f3buj\u0105 warzyw, owoc\u00f3w, a nawet przygotowanych specjalnie na te okazje owsianych ciasteczek i koktajli owocowych.<\/p>\n<p>&nbsp;<\/p>\n<p><img loading=\"lazy\" class=\"wp-image-176 size-large\" src=\"https:\/\/martazbiblioteki.pl\/wp-content\/uploads\/2019\/04\/DSC01306-1024x679.jpg\" alt=\"\" width=\"640\" height=\"424\" srcset=\"https:\/\/martazbiblioteki.pl\/wp-content\/uploads\/2019\/04\/DSC01306-1024x679.jpg 1024w, https:\/\/martazbiblioteki.pl\/wp-content\/uploads\/2019\/04\/DSC01306-300x199.jpg 300w, https:\/\/martazbiblioteki.pl\/wp-content\/uploads\/2019\/04\/DSC01306-768x509.jpg 768w\" sizes=\"(max-width: 640px) 100vw, 640px\" \/><\/p>\n<p>Ksi\u0105\u017cka w prosty spos\u00f3b pokazuje zalety zdrowego jedzenia i zach\u0119ca dzieci do degustacji.<\/p>\n<p>&nbsp;<\/p>\n<p>Mo\u017ce po przeczytaniu ksi\u0105\u017ceczki zrobicie wsp\u00f3lnie owocowy koktajl albo sa\u0142atk\u0119?<\/p>\n<p>&nbsp;<\/p>\n<p>Smacznej lektury.<\/p>\n<p>&nbsp;<\/p>\n<p><img loading=\"lazy\" class=\"wp-image-179 size-large\" src=\"https:\/\/martazbiblioteki.pl\/wp-content\/uploads\/2019\/04\/DSC01312-1024x679.jpg\" alt=\"\" width=\"640\" height=\"424\" srcset=\"https:\/\/martazbiblioteki.pl\/wp-content\/uploads\/2019\/04\/DSC01312-1024x679.jpg 1024w, https:\/\/martazbiblioteki.pl\/wp-content\/uploads\/2019\/04\/DSC01312-300x199.jpg 300w, https:\/\/martazbiblioteki.pl\/wp-content\/uploads\/2019\/04\/DSC01312-768x509.jpg 768w\" sizes=\"(max-width: 640px) 100vw, 640px\" \/><\/p>\n","protected":false},"excerpt":{"rendered":"<p>Do napisania tego posta zainspirowa\u0142a mnie moja przyjaci\u00f3\u0142ka, kt\u00f3rej dzieci uwielbiaj\u0105 r\u00f3\u017cnego rodzaju owocowe koktajle.Ja na razie nie musz\u0119 namawia\u0107 c\u00f3rki do jedzenia owoc\u00f3w i warzyw. Jeste\u015bmy na etapie, \u017ce\u00a0 wszystko jest &#8222;mniam&#8221;. Zobaczymy co b\u0119dzie p\u00f3\u017aniej&#8230; A jak jest u Was? Wasze dzieci ch\u0119tnie jedz\u0105 warzywa i owoce? Je\u015bli macie z tym problem si\u0119gnijcie &hellip; <\/p>\n","protected":false},"author":1,"featured_media":0,"comment_status":"open","ping_status":"open","sticky":false,"template":"","format":"standard","meta":[],"categories":[4,1],"tags":[],"_links":{"self":[{"href":"https:\/\/martazbiblioteki.pl\/index.php\/wp-json\/wp\/v2\/posts\/180"}],"collection":[{"href":"https:\/\/martazbiblioteki.pl\/index.php\/wp-json\/wp\/v2\/posts"}],"about":[{"href":"https:\/\/martazbiblioteki.pl\/index.php\/wp-json\/wp\/v2\/types\/post"}],"author":[{"embeddable":true,"href":"https:\/\/martazbiblioteki.pl\/index.php\/wp-json\/wp\/v2\/users\/1"}],"replies":[{"embeddable":true,"href":"https:\/\/martazbiblioteki.pl\/index.php\/wp-json\/wp\/v2\/comments?post=180"}],"version-history":[{"count":2,"href":"https:\/\/martazbiblioteki.pl\/index.php\/wp-json\/wp\/v2\/posts\/180\/revisions"}],"predecessor-version":[{"id":182,"href":"https:\/\/martazbiblioteki.pl\/index.php\/wp-json\/wp\/v2\/posts\/180\/revisions\/182"}],"wp:attachment":[{"href":"https:\/\/martazbiblioteki.pl\/index.php\/wp-json\/wp\/v2\/media?parent=180"}],"wp:term":[{"taxonomy":"category","embeddable":true,"href":"https:\/\/martazbiblioteki.pl\/index.php\/wp-json\/wp\/v2\/categories?post=180"},{"taxonomy":"post_tag","embeddable":true,"href":"https:\/\/martazbiblioteki.pl\/index.php\/wp-json\/wp\/v2\/tags?post=180"}],"curies":[{"name":"wp","href":"https:\/\/api.w.org\/{rel}","templated":true}]}}