{"id":198,"date":"2019-05-14T12:50:58","date_gmt":"2019-05-14T10:50:58","guid":{"rendered":"http:\/\/martazbiblioteki.pl\/?p=198"},"modified":"2019-05-14T12:50:58","modified_gmt":"2019-05-14T10:50:58","slug":"rymy-na-deszczowe-popoludnie","status":"publish","type":"post","link":"https:\/\/martazbiblioteki.pl\/index.php\/2019\/05\/14\/rymy-na-deszczowe-popoludnie\/","title":{"rendered":"Rymy na deszczowe popo\u0142udnie"},"content":{"rendered":"<p>Przygotowa\u0142am dzisiaj dla Was ma\u0142\u0105 porcje moich rym\u00f3w. Mam nadziej\u0119, \u017ce si\u0119 Wam spodobaj\u0105. Mo\u017ce poczytacie je swoim dzieciom.<\/p>\n<p>Mi\u0142ego dnia. W moim mie\u015bcie wietrzenie i deszczowo. Maj w tym roku jest bardzo psotny.<\/p>\n<p>&nbsp;<\/p>\n<p><strong>Biblioteka<\/strong><\/p>\n<p>&nbsp;<\/p>\n<p>W naszej bibliotece jest ksi\u0105\u017cek wiele.<\/p>\n<p>Ksi\u0105\u017cki to dzieci wierni przyjaciele.<\/p>\n<p>Powie\u015bci, ba\u015bnie, wiersze, komiks\u00f3w masa,<\/p>\n<p>tu zapisana jest ca\u0142a moja klasa.<\/p>\n<p>Nic prostszego ksi\u0105\u017ck\u0119 wypo\u017cyczamy<\/p>\n<p>i w \u015bwiat marze\u0144 si\u0119 zanurzamy.<\/p>\n<p>Dzi\u015b b\u0119d\u0119 kapitanem statku wielkiego,<\/p>\n<p>jutro poszukiwaczem skarbu cennego.<\/p>\n<p>W \u015brod\u0119 mog\u0119 by\u0107 kr\u00f3lem wyspy,<\/p>\n<p>a w czwartek kuzynem wielkiego artysty.<\/p>\n<p>W pi\u0105tek spotkam trolla ogromnego,<\/p>\n<p>w sobot\u0119 czarodzieja fantastycznego.<\/p>\n<p>W niedziel\u0119 przep\u0142yn\u0119 zielonej d\u017cungli rzek\u0119,<\/p>\n<p>by w poniedzia\u0142ek zn\u00f3w odwiedzi\u0107 moj\u0105 bibliotek\u0119.<\/p>\n<p>&nbsp;<\/p>\n<p><strong>Sowa<\/strong><\/p>\n<p>Patrzcie dzieci oto sowa.<\/p>\n<p>Sow\u0119 dzisiaj boli g\u0142owa.<\/p>\n<p>Nie chce widzie\u0107 ksi\u0105\u017cek wcale,<\/p>\n<p>cho\u0107 uczy\u0142a si\u0119 wytrwale .<\/p>\n<p>Co tu du\u017co kry\u0107,<\/p>\n<p>ci\u0119\u017cko najm\u0105drzejsz\u0105 by\u0107.<\/p>\n<p>Ci\u0105gle o co\u015b j\u0105 pytaj\u0105,<\/p>\n<p>i rebusy jej zadaj\u0105.<\/p>\n<p>To zagadki, to r\u00f3wnanie,<\/p>\n<p>strumie\u0144 pyta\u0144 chyba nigdy nie ustanie.<\/p>\n<p>Smutna sowa w dziupli siedzi<\/p>\n<p>i wci\u0105\u017c szuka odpowiedzi.<\/p>\n<p>Nagle stwierdza: \u201eDzi\u015b strajkuj\u0119\u201d.<\/p>\n<p>I da\u0107 rad\u0119 wam pr\u00f3buje.<\/p>\n<p>Gdy rozwi\u0105zania wcale\u00a0 nie znacie<\/p>\n<p>Na pewno sami w ksi\u0105\u017cce je poszukacie.<\/p>\n<p>&nbsp;<\/p>\n<p class=\"Standard\" style=\"line-height: 150%; text-align: left;\" align=\"center\">\n","protected":false},"excerpt":{"rendered":"<p>Przygotowa\u0142am dzisiaj dla Was ma\u0142\u0105 porcje moich rym\u00f3w. Mam nadziej\u0119, \u017ce si\u0119 Wam spodobaj\u0105. Mo\u017ce poczytacie je swoim dzieciom. Mi\u0142ego dnia. W moim mie\u015bcie wietrzenie i deszczowo. Maj w tym roku jest bardzo psotny. &nbsp; Biblioteka &nbsp; W naszej bibliotece jest ksi\u0105\u017cek wiele. Ksi\u0105\u017cki to dzieci wierni przyjaciele. Powie\u015bci, ba\u015bnie, wiersze, komiks\u00f3w masa, tu zapisana &hellip; <\/p>\n","protected":false},"author":1,"featured_media":0,"comment_status":"open","ping_status":"open","sticky":false,"template":"","format":"standard","meta":[],"categories":[1],"tags":[],"_links":{"self":[{"href":"https:\/\/martazbiblioteki.pl\/index.php\/wp-json\/wp\/v2\/posts\/198"}],"collection":[{"href":"https:\/\/martazbiblioteki.pl\/index.php\/wp-json\/wp\/v2\/posts"}],"about":[{"href":"https:\/\/martazbiblioteki.pl\/index.php\/wp-json\/wp\/v2\/types\/post"}],"author":[{"embeddable":true,"href":"https:\/\/martazbiblioteki.pl\/index.php\/wp-json\/wp\/v2\/users\/1"}],"replies":[{"embeddable":true,"href":"https:\/\/martazbiblioteki.pl\/index.php\/wp-json\/wp\/v2\/comments?post=198"}],"version-history":[{"count":1,"href":"https:\/\/martazbiblioteki.pl\/index.php\/wp-json\/wp\/v2\/posts\/198\/revisions"}],"predecessor-version":[{"id":199,"href":"https:\/\/martazbiblioteki.pl\/index.php\/wp-json\/wp\/v2\/posts\/198\/revisions\/199"}],"wp:attachment":[{"href":"https:\/\/martazbiblioteki.pl\/index.php\/wp-json\/wp\/v2\/media?parent=198"}],"wp:term":[{"taxonomy":"category","embeddable":true,"href":"https:\/\/martazbiblioteki.pl\/index.php\/wp-json\/wp\/v2\/categories?post=198"},{"taxonomy":"post_tag","embeddable":true,"href":"https:\/\/martazbiblioteki.pl\/index.php\/wp-json\/wp\/v2\/tags?post=198"}],"curies":[{"name":"wp","href":"https:\/\/api.w.org\/{rel}","templated":true}]}}