{"id":240,"date":"2019-09-27T13:42:30","date_gmt":"2019-09-27T11:42:30","guid":{"rendered":"http:\/\/martazbiblioteki.pl\/?p=240"},"modified":"2019-09-27T13:42:30","modified_gmt":"2019-09-27T11:42:30","slug":"uwaga-smok","status":"publish","type":"post","link":"https:\/\/martazbiblioteki.pl\/index.php\/2019\/09\/27\/uwaga-smok\/","title":{"rendered":"Uwaga&#8230;smok!"},"content":{"rendered":"<p>Jesie\u0144 rozgo\u015bci\u0142a si\u0119 w moim mie\u015bcie na dobre. Aby umili\u0107 Wam pi\u0105tkowe popo\u0142udnie przygotowa\u0142am kr\u00f3tkie, proste opowiadanie, kt\u00f3re mo\u017ce przyda\u0107 si\u0119 do treningu czytania ze zrozumieniem, a dla m\u0142odszych dzieci mo\u017ce by\u0107 pocz\u0105tkiem rozm\u00f3w o ekologii. Mi\u0142ego czytania.<\/p>\n<p>&nbsp;<\/p>\n<p style=\"text-align: center;\"><em><strong>P\u0142uca miasta<\/strong><\/em><\/p>\n<p>&nbsp;<\/p>\n<p>&#8211; Smok, smok- krzycza\u0142a Julka. \u2013 W naszym mie\u015bcie grasuje smok.<\/p>\n<p>&#8211; Smoki nie istniej\u0105- ze \u015bmiechem odpowiedzia\u0142 jej starszy brat Micha\u0142.<\/p>\n<p>&#8211; A w\u0142a\u015bnie, \u017ce istniej\u0105. Jeden z nich lata nad naszym miastem- cierpliwie t\u0142umaczy\u0142a bratu dziewczynka.- Musimy ubra\u0107 maski, \u017ceby si\u0119 przed nim obroni\u0107. Tak m\u00f3wi\u0142a pani w przedszkolu.<\/p>\n<p>&#8211; Teraz wszystko rozumiem- pokiwa\u0142 g\u0142ow\u0105 ch\u0142opiec. Aniu to nie \u017caden smok tylko SMOG. To takie zjawisko atmosferyczne. Powstaje, gdy powietrze wymiesza si\u0119 z dymem i spalinami. Niestety w naszym mie\u015bcie jest go bardzo du\u017co.<\/p>\n<p>&#8211; Fuj- przerazi\u0142a si\u0119 Julka. \u2013 A czy my mo\u017cemy co\u015b zrobi\u0107 \u017ceby ten smog zlikwidowa\u0107?- zapyta\u0142a.<\/p>\n<p>&#8211; Pewnie , ka\u017cdy z nas mo\u017ce. Zauwa\u017cy\u0142a\u015b, \u017ce tata wymieni\u0142 w naszym domu piec, a mama je\u017adzi do pracy tramwajem? Nied\u0142ugo rodzice wymieni\u0105 te\u017c ogrzewanie u babci.<\/p>\n<p>&#8211; Jestem z nich dumna- stwierdzi\u0142a dziewczynka.<\/p>\n<p>&#8211; Mam pomys\u0142- chod\u017amy na lody- zaproponowa\u0142 dziewczynce brat.- Opowiem ci troch\u0119 o ochronie \u015brodowiska, a potem odwiedzimy zielone p\u0142uca miasta.<\/p>\n<p>&#8211; Co to s\u0105 p\u0142uca miasta?- zapyta\u0142a Julka.<\/p>\n<p>&#8211; To parki i skwery. Nazywaj\u0105 si\u0119 tak bo dzi\u0119ki nim powietrze w mie\u015bcie jest\u00a0 bardziej czyste, a my dzi\u0119ki spacerom w te miejsca\u00a0 mo\u017cemy oddycha\u0107\u00a0 nieska\u017conym powietrzem.<\/p>\n<p>&#8211; W taki\u00a0 razie chod\u017amy, to b\u0119dzie ciekawe popo\u0142udnie- powiedzia\u0142a dziewczynka zak\u0142adaj\u0105c buty.<\/p>\n<p>&nbsp;<\/p>\n<figure id=\"attachment_241\" aria-describedby=\"caption-attachment-241\" style=\"width: 640px\" class=\"wp-caption aligncenter\"><img loading=\"lazy\" class=\"wp-image-241 size-large\" src=\"https:\/\/martazbiblioteki.pl\/wp-content\/uploads\/2019\/09\/DSC01507-1024x679.jpg\" alt=\"\" width=\"640\" height=\"424\" srcset=\"https:\/\/martazbiblioteki.pl\/wp-content\/uploads\/2019\/09\/DSC01507-1024x679.jpg 1024w, https:\/\/martazbiblioteki.pl\/wp-content\/uploads\/2019\/09\/DSC01507-300x199.jpg 300w, https:\/\/martazbiblioteki.pl\/wp-content\/uploads\/2019\/09\/DSC01507-768x509.jpg 768w\" sizes=\"(max-width: 640px) 100vw, 640px\" \/><figcaption id=\"caption-attachment-241\" class=\"wp-caption-text\">SONY DSC<\/figcaption><\/figure>\n","protected":false},"excerpt":{"rendered":"<p>Jesie\u0144 rozgo\u015bci\u0142a si\u0119 w moim mie\u015bcie na dobre. Aby umili\u0107 Wam pi\u0105tkowe popo\u0142udnie przygotowa\u0142am kr\u00f3tkie, proste opowiadanie, kt\u00f3re mo\u017ce przyda\u0107 si\u0119 do treningu czytania ze zrozumieniem, a dla m\u0142odszych dzieci mo\u017ce by\u0107 pocz\u0105tkiem rozm\u00f3w o ekologii. Mi\u0142ego czytania. &nbsp; P\u0142uca miasta &nbsp; &#8211; Smok, smok- krzycza\u0142a Julka. \u2013 W naszym mie\u015bcie grasuje smok. &#8211; Smoki &hellip; <\/p>\n","protected":false},"author":1,"featured_media":0,"comment_status":"closed","ping_status":"closed","sticky":false,"template":"","format":"standard","meta":[],"categories":[4,1],"tags":[],"_links":{"self":[{"href":"https:\/\/martazbiblioteki.pl\/index.php\/wp-json\/wp\/v2\/posts\/240"}],"collection":[{"href":"https:\/\/martazbiblioteki.pl\/index.php\/wp-json\/wp\/v2\/posts"}],"about":[{"href":"https:\/\/martazbiblioteki.pl\/index.php\/wp-json\/wp\/v2\/types\/post"}],"author":[{"embeddable":true,"href":"https:\/\/martazbiblioteki.pl\/index.php\/wp-json\/wp\/v2\/users\/1"}],"replies":[{"embeddable":true,"href":"https:\/\/martazbiblioteki.pl\/index.php\/wp-json\/wp\/v2\/comments?post=240"}],"version-history":[{"count":1,"href":"https:\/\/martazbiblioteki.pl\/index.php\/wp-json\/wp\/v2\/posts\/240\/revisions"}],"predecessor-version":[{"id":242,"href":"https:\/\/martazbiblioteki.pl\/index.php\/wp-json\/wp\/v2\/posts\/240\/revisions\/242"}],"wp:attachment":[{"href":"https:\/\/martazbiblioteki.pl\/index.php\/wp-json\/wp\/v2\/media?parent=240"}],"wp:term":[{"taxonomy":"category","embeddable":true,"href":"https:\/\/martazbiblioteki.pl\/index.php\/wp-json\/wp\/v2\/categories?post=240"},{"taxonomy":"post_tag","embeddable":true,"href":"https:\/\/martazbiblioteki.pl\/index.php\/wp-json\/wp\/v2\/tags?post=240"}],"curies":[{"name":"wp","href":"https:\/\/api.w.org\/{rel}","templated":true}]}}