{"id":253,"date":"2019-11-22T22:03:40","date_gmt":"2019-11-22T21:03:40","guid":{"rendered":"http:\/\/martazbiblioteki.pl\/?p=253"},"modified":"2019-11-22T22:03:40","modified_gmt":"2019-11-22T21:03:40","slug":"miedzynarodowy-dzien-pluszowego-misia","status":"publish","type":"post","link":"https:\/\/martazbiblioteki.pl\/index.php\/2019\/11\/22\/miedzynarodowy-dzien-pluszowego-misia\/","title":{"rendered":"Mi\u0119dzynarodowy Dzie\u0144 Pluszowego Misia"},"content":{"rendered":"<p>25 listopada obchodzimy Mi\u0119dzynarodowy Dzie\u0144 Pluszowego Misia. To jedno z moich ulubionych \u015bwi\u0105t. Kto z nas nie mia\u0142 tego uroczego przyjaciela. O misiach kr\u0105\u017c\u0105 legendy, rodzinne opowie\u015bci i wspomnienia. Dzisiaj chcia\u0142abym Wam opowiedzie\u0107 o misiu, kt\u00f3ry zgubi\u0142 si\u0119 w bibliotece. Historia jest prawdziwa, a wydarzy\u0142a si\u0119 nie dalej jak w zesz\u0142\u0105 sobot\u0119. Ko\u0144czy\u0142am m\u00f3j biblioteczny dy\u017cur, gdy go zobaczy\u0142am. By\u0142 malutki. Mia\u0142 bluzeczk\u0119 w paski i serduszko na brzuszku. &#8222;Kto\u015b nie b\u0119dzie m\u00f3g\u0142 dzisiaj zasn\u0105\u0107&#8221; pomy\u015bla\u0142am. Mi\u015b by\u0142 pozszywany co oznacza\u0142o, \u017ce jego w\u0142a\u015bciciel lub w\u0142a\u015bcicielka musia\u0142 by\u0107 do niego bardzo przywi\u0105zany. Dlatego telefon od taty dziewczynki, kt\u00f3rej zagin\u0105\u0142 mi\u015b w poniedzia\u0142ek rano w og\u00f3le mnie nie zdziwi\u0142. Popo\u0142udniu nasza czytelniczka Jag\u00f3dka z mam\u0105 odebra\u0142y zgub\u0119. Ale wiecie co mnie w tej sytuacji najbardziej urzek\u0142o? Ta kilkuletnia dziewczynka powiedzia\u0142a do mamy, \u017ce mi\u015b musi si\u0119 znale\u017a\u0107, bo <strong><em>&#8222;Prze\u017cy\u0142am z nim najlepsze lata mojego \u017cycia&#8221;<\/em><\/strong>. Czy to nie cudowne s\u0142owa w ustach dziecka? To te\u017c dow\u00f3d na to \u017ce pluszowy mi\u015b mo\u017ce sta\u0107 si\u0119 prawdziwym przyjacielem.<\/p>\n<p>&nbsp;<\/p>\n<p>Dzi\u0119kuj\u0119 Monice mamie Jag\u00f3dki i Emilki za zgod\u0119 na udost\u0119pnienie tej sytuacji. \ud83d\ude42<\/p>\n<p><img loading=\"lazy\" class=\"aligncenter wp-image-252 size-large\" src=\"https:\/\/martazbiblioteki.pl\/wp-content\/uploads\/2019\/11\/DSC01534-1024x679.jpg\" alt=\"\" width=\"640\" height=\"424\" srcset=\"https:\/\/martazbiblioteki.pl\/wp-content\/uploads\/2019\/11\/DSC01534-1024x679.jpg 1024w, https:\/\/martazbiblioteki.pl\/wp-content\/uploads\/2019\/11\/DSC01534-300x199.jpg 300w, https:\/\/martazbiblioteki.pl\/wp-content\/uploads\/2019\/11\/DSC01534-768x509.jpg 768w, https:\/\/martazbiblioteki.pl\/wp-content\/uploads\/2019\/11\/DSC01534-1536x1019.jpg 1536w, https:\/\/martazbiblioteki.pl\/wp-content\/uploads\/2019\/11\/DSC01534-2048x1359.jpg 2048w\" sizes=\"(max-width: 640px) 100vw, 640px\" \/><\/p>\n<p>A na zdj\u0119ciu po lewej mi\u015b mojej Mamy, a po prawej mi\u015b, kt\u00f3ry jest w naszym domu odk\u0105d pami\u0119tam.<\/p>\n<p>Mi\u0142ego weekendu i poniedzia\u0142kowego \u015bwi\u0119towania.<\/p>\n<p>&nbsp;<\/p>\n","protected":false},"excerpt":{"rendered":"<p>25 listopada obchodzimy Mi\u0119dzynarodowy Dzie\u0144 Pluszowego Misia. To jedno z moich ulubionych \u015bwi\u0105t. Kto z nas nie mia\u0142 tego uroczego przyjaciela. O misiach kr\u0105\u017c\u0105 legendy, rodzinne opowie\u015bci i wspomnienia. Dzisiaj chcia\u0142abym Wam opowiedzie\u0107 o misiu, kt\u00f3ry zgubi\u0142 si\u0119 w bibliotece. Historia jest prawdziwa, a wydarzy\u0142a si\u0119 nie dalej jak w zesz\u0142\u0105 sobot\u0119. Ko\u0144czy\u0142am m\u00f3j biblioteczny &hellip; <\/p>\n","protected":false},"author":1,"featured_media":0,"comment_status":"closed","ping_status":"closed","sticky":false,"template":"","format":"standard","meta":[],"categories":[4,1],"tags":[],"_links":{"self":[{"href":"https:\/\/martazbiblioteki.pl\/index.php\/wp-json\/wp\/v2\/posts\/253"}],"collection":[{"href":"https:\/\/martazbiblioteki.pl\/index.php\/wp-json\/wp\/v2\/posts"}],"about":[{"href":"https:\/\/martazbiblioteki.pl\/index.php\/wp-json\/wp\/v2\/types\/post"}],"author":[{"embeddable":true,"href":"https:\/\/martazbiblioteki.pl\/index.php\/wp-json\/wp\/v2\/users\/1"}],"replies":[{"embeddable":true,"href":"https:\/\/martazbiblioteki.pl\/index.php\/wp-json\/wp\/v2\/comments?post=253"}],"version-history":[{"count":1,"href":"https:\/\/martazbiblioteki.pl\/index.php\/wp-json\/wp\/v2\/posts\/253\/revisions"}],"predecessor-version":[{"id":254,"href":"https:\/\/martazbiblioteki.pl\/index.php\/wp-json\/wp\/v2\/posts\/253\/revisions\/254"}],"wp:attachment":[{"href":"https:\/\/martazbiblioteki.pl\/index.php\/wp-json\/wp\/v2\/media?parent=253"}],"wp:term":[{"taxonomy":"category","embeddable":true,"href":"https:\/\/martazbiblioteki.pl\/index.php\/wp-json\/wp\/v2\/categories?post=253"},{"taxonomy":"post_tag","embeddable":true,"href":"https:\/\/martazbiblioteki.pl\/index.php\/wp-json\/wp\/v2\/tags?post=253"}],"curies":[{"name":"wp","href":"https:\/\/api.w.org\/{rel}","templated":true}]}}