{"id":261,"date":"2019-12-07T17:26:27","date_gmt":"2019-12-07T16:26:27","guid":{"rendered":"http:\/\/martazbiblioteki.pl\/?p=261"},"modified":"2019-12-07T17:26:27","modified_gmt":"2019-12-07T16:26:27","slug":"magiczny-czas","status":"publish","type":"post","link":"https:\/\/martazbiblioteki.pl\/index.php\/2019\/12\/07\/magiczny-czas\/","title":{"rendered":"Magiczny czas&#8230;"},"content":{"rendered":"<p>\u015awi\u0119ta Bo\u017cego Narodzenia trwaj\u0105 stanowczo za kr\u00f3tko. Dlatego tak lubi\u0119 grudzie\u0144, czas przygotowa\u0144 i oczekiwania. Uwielbiam \u015bwi\u0105teczne kiczowate sweterki, pierniki, kol\u0119dy, piosenki, wyjadanie s\u0142odyczy z adwentowego kalendarza, przygotowywanie prezent\u00f3w i dekoracji. Mog\u0142abym tak wymienia\u0107 bez ko\u0144ca. Oczywi\u015bcie nie by\u0142abym sob\u0105, gdybym nie wspomnia\u0142a o ksi\u0105\u017ckach. Grudzie\u0144 to przecie\u017c najlepszy czas do czytania i opowiadania \u015bwi\u0105tecznych historii. Oto kilka moich ulubionych tytu\u0142\u00f3w:<\/p>\n<p>Lotta Olsson- Wierzcie w Miko\u0142aja wyd. ZAKAMARKI<br \/>\nAstrid Lindgren-Bo\u017ce Narodzenie w Bullerbyn wyd. ZAKAMARKI<br \/>\nMarten Sanden- \u015awi\u0119ta dzieci z dach\u00f3w, wyd. ZAKAMARKI<br \/>\nWojciech Wid\u0142ak- Wesoly Ryjek. Zima wyd. Media Rodzina<br \/>\nHiroko Motai- Milion miliard\u00f3w \u015awi\u0119tych Miko\u0142aj\u00f3w wyd. Dwie Siostry<br \/>\nZofia Stanecka- Basia i zwierzaki Wyd. Egmont<br \/>\nZofia Stanecka- Basia i Bo\u017ce Narodzenie Wyd. Egmont<\/p>\n<figure id=\"attachment_260\" aria-describedby=\"caption-attachment-260\" style=\"width: 640px\" class=\"wp-caption alignnone\"><img loading=\"lazy\" class=\"wp-image-260 size-large\" src=\"https:\/\/martazbiblioteki.pl\/wp-content\/uploads\/2019\/12\/DSC01542-1024x679.jpg\" alt=\"\" width=\"640\" height=\"424\" srcset=\"https:\/\/martazbiblioteki.pl\/wp-content\/uploads\/2019\/12\/DSC01542-1024x679.jpg 1024w, https:\/\/martazbiblioteki.pl\/wp-content\/uploads\/2019\/12\/DSC01542-300x199.jpg 300w, https:\/\/martazbiblioteki.pl\/wp-content\/uploads\/2019\/12\/DSC01542-768x509.jpg 768w, https:\/\/martazbiblioteki.pl\/wp-content\/uploads\/2019\/12\/DSC01542-1536x1019.jpg 1536w, https:\/\/martazbiblioteki.pl\/wp-content\/uploads\/2019\/12\/DSC01542-2048x1359.jpg 2048w\" sizes=\"(max-width: 640px) 100vw, 640px\" \/><figcaption id=\"caption-attachment-260\" class=\"wp-caption-text\">\u00a0<\/figcaption><\/figure>\n<p>Urszula Koz\u0142owska- Magiczne \u015awi\u0119ta. \u015awi\u0119ty Miko\u0142aj wyd. Olesiejuk<br \/>\nIndia Desjardins- Wigilia Ma\u0142gorzaty wyd. Dwie Siostry<br \/>\nIngelin Angerborn- Kosmiczne \u015awi\u0119ta wyd. ZAKAMARKI<\/p>\n<p>&nbsp;<\/p>\n<figure id=\"attachment_259\" aria-describedby=\"caption-attachment-259\" style=\"width: 640px\" class=\"wp-caption alignnone\"><img loading=\"lazy\" class=\"wp-image-259 size-large\" src=\"https:\/\/martazbiblioteki.pl\/wp-content\/uploads\/2019\/12\/DSC01541-1024x679.jpg\" alt=\"\" width=\"640\" height=\"424\" srcset=\"https:\/\/martazbiblioteki.pl\/wp-content\/uploads\/2019\/12\/DSC01541-1024x679.jpg 1024w, https:\/\/martazbiblioteki.pl\/wp-content\/uploads\/2019\/12\/DSC01541-300x199.jpg 300w, https:\/\/martazbiblioteki.pl\/wp-content\/uploads\/2019\/12\/DSC01541-768x509.jpg 768w, https:\/\/martazbiblioteki.pl\/wp-content\/uploads\/2019\/12\/DSC01541-1536x1019.jpg 1536w, https:\/\/martazbiblioteki.pl\/wp-content\/uploads\/2019\/12\/DSC01541-2048x1359.jpg 2048w\" sizes=\"(max-width: 640px) 100vw, 640px\" \/><figcaption id=\"caption-attachment-259\" class=\"wp-caption-text\">\u00a0<\/figcaption><\/figure>\n<p>Mi\u0142ego oczekiwania. Nie zjedzcie od razu wszystkich s\u0142odyczy z adwentowego kalendarza.<\/p>\n<p>&nbsp;<\/p>\n<p><img loading=\"lazy\" class=\"wp-image-258 size-large\" src=\"https:\/\/martazbiblioteki.pl\/wp-content\/uploads\/2019\/12\/DSC01540-1024x679.jpg\" alt=\"\" width=\"640\" height=\"424\" srcset=\"https:\/\/martazbiblioteki.pl\/wp-content\/uploads\/2019\/12\/DSC01540-1024x679.jpg 1024w, https:\/\/martazbiblioteki.pl\/wp-content\/uploads\/2019\/12\/DSC01540-300x199.jpg 300w, https:\/\/martazbiblioteki.pl\/wp-content\/uploads\/2019\/12\/DSC01540-768x509.jpg 768w, https:\/\/martazbiblioteki.pl\/wp-content\/uploads\/2019\/12\/DSC01540-1536x1019.jpg 1536w, https:\/\/martazbiblioteki.pl\/wp-content\/uploads\/2019\/12\/DSC01540-2048x1359.jpg 2048w\" sizes=\"(max-width: 640px) 100vw, 640px\" \/><\/p>\n<p>&nbsp;<\/p>\n<figure id=\"attachment_257\" aria-describedby=\"caption-attachment-257\" style=\"width: 640px\" class=\"wp-caption alignnone\"><img loading=\"lazy\" class=\"wp-image-257 size-large\" src=\"https:\/\/martazbiblioteki.pl\/wp-content\/uploads\/2019\/12\/DSC01538-1024x679.jpg\" alt=\"\" width=\"640\" height=\"424\" srcset=\"https:\/\/martazbiblioteki.pl\/wp-content\/uploads\/2019\/12\/DSC01538-1024x679.jpg 1024w, https:\/\/martazbiblioteki.pl\/wp-content\/uploads\/2019\/12\/DSC01538-300x199.jpg 300w, https:\/\/martazbiblioteki.pl\/wp-content\/uploads\/2019\/12\/DSC01538-768x509.jpg 768w, https:\/\/martazbiblioteki.pl\/wp-content\/uploads\/2019\/12\/DSC01538-1536x1019.jpg 1536w, https:\/\/martazbiblioteki.pl\/wp-content\/uploads\/2019\/12\/DSC01538-2048x1359.jpg 2048w\" sizes=\"(max-width: 640px) 100vw, 640px\" \/><figcaption id=\"caption-attachment-257\" class=\"wp-caption-text\">\u00a0<\/figcaption><\/figure>\n","protected":false},"excerpt":{"rendered":"<p>\u015awi\u0119ta Bo\u017cego Narodzenia trwaj\u0105 stanowczo za kr\u00f3tko. Dlatego tak lubi\u0119 grudzie\u0144, czas przygotowa\u0144 i oczekiwania. Uwielbiam \u015bwi\u0105teczne kiczowate sweterki, pierniki, kol\u0119dy, piosenki, wyjadanie s\u0142odyczy z adwentowego kalendarza, przygotowywanie prezent\u00f3w i dekoracji. Mog\u0142abym tak wymienia\u0107 bez ko\u0144ca. Oczywi\u015bcie nie by\u0142abym sob\u0105, gdybym nie wspomnia\u0142a o ksi\u0105\u017ckach. Grudzie\u0144 to przecie\u017c najlepszy czas do czytania i opowiadania \u015bwi\u0105tecznych &hellip; <\/p>\n","protected":false},"author":1,"featured_media":0,"comment_status":"closed","ping_status":"closed","sticky":false,"template":"","format":"standard","meta":[],"categories":[4,1],"tags":[],"_links":{"self":[{"href":"https:\/\/martazbiblioteki.pl\/index.php\/wp-json\/wp\/v2\/posts\/261"}],"collection":[{"href":"https:\/\/martazbiblioteki.pl\/index.php\/wp-json\/wp\/v2\/posts"}],"about":[{"href":"https:\/\/martazbiblioteki.pl\/index.php\/wp-json\/wp\/v2\/types\/post"}],"author":[{"embeddable":true,"href":"https:\/\/martazbiblioteki.pl\/index.php\/wp-json\/wp\/v2\/users\/1"}],"replies":[{"embeddable":true,"href":"https:\/\/martazbiblioteki.pl\/index.php\/wp-json\/wp\/v2\/comments?post=261"}],"version-history":[{"count":1,"href":"https:\/\/martazbiblioteki.pl\/index.php\/wp-json\/wp\/v2\/posts\/261\/revisions"}],"predecessor-version":[{"id":262,"href":"https:\/\/martazbiblioteki.pl\/index.php\/wp-json\/wp\/v2\/posts\/261\/revisions\/262"}],"wp:attachment":[{"href":"https:\/\/martazbiblioteki.pl\/index.php\/wp-json\/wp\/v2\/media?parent=261"}],"wp:term":[{"taxonomy":"category","embeddable":true,"href":"https:\/\/martazbiblioteki.pl\/index.php\/wp-json\/wp\/v2\/categories?post=261"},{"taxonomy":"post_tag","embeddable":true,"href":"https:\/\/martazbiblioteki.pl\/index.php\/wp-json\/wp\/v2\/tags?post=261"}],"curies":[{"name":"wp","href":"https:\/\/api.w.org\/{rel}","templated":true}]}}