{"id":307,"date":"2020-01-30T21:44:25","date_gmt":"2020-01-30T20:44:25","guid":{"rendered":"http:\/\/martazbiblioteki.pl\/?p=307"},"modified":"2020-01-30T21:44:25","modified_gmt":"2020-01-30T20:44:25","slug":"o-drugiej-wojnie-swiatowej","status":"publish","type":"post","link":"https:\/\/martazbiblioteki.pl\/index.php\/2020\/01\/30\/o-drugiej-wojnie-swiatowej\/","title":{"rendered":"O Drugiej Wojnie \u015awiatowej&#8230;."},"content":{"rendered":"<p>Do napisania tego posta zainspirowali mnie Czytelnicy i Czytelniczki z kt\u00f3rymi wielokrotnie rozmawia\u0142am o ksi\u0105\u017ckach dotycz\u0105cych II Wojny \u015awiatowej. A stycze\u0144 to te\u017c wyj\u0105tkowy miesi\u0105c, bo obchodzimy kolejn\u0105 rocznic\u0119 wyzwolenia KL Auschwitz. Gdy 27 stycznia us\u0142ysza\u0142am przem\u00f3wienie Mariana Turskiego stoj\u0105cego obok Bramy \u015amierci szczeg\u00f3lnie utkwi\u0142y mi w g\u0142owie s\u0142owa: &#8222;Nie b\u0105d\u017acie oboj\u0119tni&#8230;&#8221; Czy przez pami\u0119\u0107 o ofiarach niszcz\u0119 te oboj\u0119tno\u015b\u0107? Mam nadziej\u0119, \u017ce tak&#8230;<\/p>\n<p>&nbsp;<\/p>\n<p>Chcia\u0142abym pokaza\u0107 Wam dzi\u015b ma\u0142\u0105 cz\u0105stk\u0119 ksi\u0105\u017cek, kt\u00f3re \u0142\u0105czy temat II Wojny \u015awiatowej. Jest to nie tylko literatura obozowa. S\u0105 to reporta\u017ce, relacje, pami\u0119tniki, powie\u015bci,biografie, autobiografie a nawet komiks.Ch\u0142on\u0119 jak g\u0105bka od wielu lat te historie. I wiem, \u017ce wielu z Was ma podobnie. Po prostu pami\u0119tajmy&#8230;<\/p>\n<p>&nbsp;<\/p>\n<p>Wi\u0119kszo\u015b\u0107 ksi\u0105\u017cek dost\u0119pna jest w Bibliotece Publicznej Miasta i Gminy w Obornikach. Zapraszam do wypo\u017cyczania.<\/p>\n<p>&nbsp;<\/p>\n<ol>\n<li>Lista Schindlera- Thomas Kenealy<\/li>\n<li>Ch\u0142opiec z listy Schindlera- Leon Leyson<\/li>\n<li>Zima o poranku- Janina Baumann<\/li>\n<li>Przysi\u0119ga Gertrudy- Ram Oren<\/li>\n<li>Urodzeni by \u017cy\u0107- Wendy Holden<\/li>\n<li>Dymy nad Birkenau- Seweryna Szmaglewska<\/li>\n<li>Po wyzwoleniu- Barbara Skarga<\/li>\n<li>Dwaj bracia- Ben Elton<\/li>\n<li style=\"text-align: left;\">Dwie obr\u0105czki- Millie Werber<\/li>\n<li>Dobranoc, Auschwitz- A.W\u00f3jcik\/M. Zdziarski<\/li>\n<li>Ko\u0142ysanka z Auschwitz- Mario Escobar<\/li>\n<li>Dziewczyny z Powstania- A. Herbich<\/li>\n<li>Dziewczyny z Syberii- A. Herbich<\/li>\n<li>Dziewczyny ocala\u0142e- A. Herbich<\/li>\n<li>Dziewczyny z Wo\u0142ynia- A. Herbich<\/li>\n<li>I by\u0142a mi\u0142o\u015b\u0107 w getcie- Marek Edelman<\/li>\n<li>\u0141\u0105czniczki: wspomnienia z Powstania Warszawskiego<\/li>\n<li>Wira z Powstania- George Slachetko\/Danuta \u201eWira\u201d szlachetko<\/li>\n<li>Tajne pa\u0144stwo- Jan Karski<\/li>\n<li>Zd\u0105\u017cy\u0107 przed Panem Bogiem- Hanna Krall<\/li>\n<li>Wojna nie ma w sobie nic z kobiety- Swiet\u0142ana Aleksejewicz<\/li>\n<li>Sendlerowa w ukryciu- Anna Bikont<\/li>\n<li>Maus: opowie\u015b\u0107 ocala\u0142ego- Art. Spiegelman<\/li>\n<li>Wr\u00f3c\u0119, gdy b\u0119dziesz spa\u0142a- Patrycja Do\u0142owy<\/li>\n<li>Tatua\u017cysta z Auschwitz- Heather Moris<\/li>\n<li>Po\u0142o\u017cna z Auschwitz- M. Knedler<\/li>\n<li>Kobiety z bloku 10- L.J Hans<\/li>\n<li>Bibliotekarka z Auschwitz<\/li>\n<li>Podr\u00f3\u017c Cilki- Heather Morris<\/li>\n<li>Listy z pude\u0142ka\u2026- Ann Kirschner<\/li>\n<li>Lista Goringa: niezwyk\u0142a historia\u2026- W.H Burke<\/li>\n<li>Wilcze dziecko- J. Jacobs<\/li>\n<li>Przecie\u017c ich nie zostawi\u0119- red. M. Kici\u0144ska\/M. Sznajderman<\/li>\n<li>Czesa\u0142am ciep\u0142e kr\u00f3liki- D. Zaborek<\/li>\n<li>Dziewczyny wykl\u0119te- Szymon Nowak<\/li>\n<\/ol>\n<p><img loading=\"lazy\" class=\"wp-image-306 size-large\" src=\"https:\/\/martazbiblioteki.pl\/wp-content\/uploads\/2020\/01\/01-1024x679.jpg\" alt=\"\" width=\"640\" height=\"424\" srcset=\"https:\/\/martazbiblioteki.pl\/wp-content\/uploads\/2020\/01\/01-1024x679.jpg 1024w, https:\/\/martazbiblioteki.pl\/wp-content\/uploads\/2020\/01\/01-300x199.jpg 300w, https:\/\/martazbiblioteki.pl\/wp-content\/uploads\/2020\/01\/01-768x509.jpg 768w, https:\/\/martazbiblioteki.pl\/wp-content\/uploads\/2020\/01\/01-1536x1019.jpg 1536w, https:\/\/martazbiblioteki.pl\/wp-content\/uploads\/2020\/01\/01-2048x1359.jpg 2048w\" sizes=\"(max-width: 640px) 100vw, 640px\" \/><\/p>\n<p>&nbsp;<\/p>\n<p><img loading=\"lazy\" class=\"wp-image-305 size-large\" src=\"https:\/\/martazbiblioteki.pl\/wp-content\/uploads\/2020\/01\/02-1024x679.jpg\" alt=\"\" width=\"640\" height=\"424\" srcset=\"https:\/\/martazbiblioteki.pl\/wp-content\/uploads\/2020\/01\/02-1024x679.jpg 1024w, https:\/\/martazbiblioteki.pl\/wp-content\/uploads\/2020\/01\/02-300x199.jpg 300w, https:\/\/martazbiblioteki.pl\/wp-content\/uploads\/2020\/01\/02-768x509.jpg 768w, https:\/\/martazbiblioteki.pl\/wp-content\/uploads\/2020\/01\/02-1536x1019.jpg 1536w, https:\/\/martazbiblioteki.pl\/wp-content\/uploads\/2020\/01\/02-2048x1359.jpg 2048w\" sizes=\"(max-width: 640px) 100vw, 640px\" \/><\/p>\n<p>&nbsp;<\/p>\n<p><img loading=\"lazy\" class=\"wp-image-304 size-large\" src=\"https:\/\/martazbiblioteki.pl\/wp-content\/uploads\/2020\/01\/03-1-1024x679.jpg\" alt=\"\" width=\"640\" height=\"424\" srcset=\"https:\/\/martazbiblioteki.pl\/wp-content\/uploads\/2020\/01\/03-1-1024x679.jpg 1024w, https:\/\/martazbiblioteki.pl\/wp-content\/uploads\/2020\/01\/03-1-300x199.jpg 300w, https:\/\/martazbiblioteki.pl\/wp-content\/uploads\/2020\/01\/03-1-768x509.jpg 768w, https:\/\/martazbiblioteki.pl\/wp-content\/uploads\/2020\/01\/03-1-1536x1019.jpg 1536w, https:\/\/martazbiblioteki.pl\/wp-content\/uploads\/2020\/01\/03-1-2048x1359.jpg 2048w\" sizes=\"(max-width: 640px) 100vw, 640px\" \/><\/p>\n<p>&nbsp;<\/p>\n<p><img loading=\"lazy\" class=\"wp-image-302 size-large\" src=\"https:\/\/martazbiblioteki.pl\/wp-content\/uploads\/2020\/01\/04-1024x679.jpg\" alt=\"\" width=\"640\" height=\"424\" srcset=\"https:\/\/martazbiblioteki.pl\/wp-content\/uploads\/2020\/01\/04-1024x679.jpg 1024w, https:\/\/martazbiblioteki.pl\/wp-content\/uploads\/2020\/01\/04-300x199.jpg 300w, https:\/\/martazbiblioteki.pl\/wp-content\/uploads\/2020\/01\/04-768x509.jpg 768w, https:\/\/martazbiblioteki.pl\/wp-content\/uploads\/2020\/01\/04-1536x1019.jpg 1536w, https:\/\/martazbiblioteki.pl\/wp-content\/uploads\/2020\/01\/04-2048x1359.jpg 2048w\" sizes=\"(max-width: 640px) 100vw, 640px\" \/><\/p>\n<p>&nbsp;<\/p>\n<p><img loading=\"lazy\" class=\"wp-image-301 size-large\" src=\"https:\/\/martazbiblioteki.pl\/wp-content\/uploads\/2020\/01\/05-1024x679.jpg\" alt=\"\" width=\"640\" height=\"424\" srcset=\"https:\/\/martazbiblioteki.pl\/wp-content\/uploads\/2020\/01\/05-1024x679.jpg 1024w, https:\/\/martazbiblioteki.pl\/wp-content\/uploads\/2020\/01\/05-300x199.jpg 300w, https:\/\/martazbiblioteki.pl\/wp-content\/uploads\/2020\/01\/05-768x509.jpg 768w, https:\/\/martazbiblioteki.pl\/wp-content\/uploads\/2020\/01\/05-1536x1019.jpg 1536w, https:\/\/martazbiblioteki.pl\/wp-content\/uploads\/2020\/01\/05-2048x1359.jpg 2048w\" sizes=\"(max-width: 640px) 100vw, 640px\" \/><\/p>\n<p>&nbsp;<\/p>\n<p><img loading=\"lazy\" class=\"wp-image-299 size-large\" src=\"https:\/\/martazbiblioteki.pl\/wp-content\/uploads\/2020\/01\/07-1024x679.jpg\" alt=\"\" width=\"640\" height=\"424\" srcset=\"https:\/\/martazbiblioteki.pl\/wp-content\/uploads\/2020\/01\/07-1024x679.jpg 1024w, https:\/\/martazbiblioteki.pl\/wp-content\/uploads\/2020\/01\/07-300x199.jpg 300w, https:\/\/martazbiblioteki.pl\/wp-content\/uploads\/2020\/01\/07-768x509.jpg 768w, https:\/\/martazbiblioteki.pl\/wp-content\/uploads\/2020\/01\/07-1536x1019.jpg 1536w, https:\/\/martazbiblioteki.pl\/wp-content\/uploads\/2020\/01\/07-2048x1359.jpg 2048w\" sizes=\"(max-width: 640px) 100vw, 640px\" \/><\/p>\n<p>&nbsp;<\/p>\n<p><img loading=\"lazy\" class=\"wp-image-298 size-large\" src=\"https:\/\/martazbiblioteki.pl\/wp-content\/uploads\/2020\/01\/08-1024x679.jpg\" alt=\"\" width=\"640\" height=\"424\" srcset=\"https:\/\/martazbiblioteki.pl\/wp-content\/uploads\/2020\/01\/08-1024x679.jpg 1024w, https:\/\/martazbiblioteki.pl\/wp-content\/uploads\/2020\/01\/08-300x199.jpg 300w, https:\/\/martazbiblioteki.pl\/wp-content\/uploads\/2020\/01\/08-768x509.jpg 768w, https:\/\/martazbiblioteki.pl\/wp-content\/uploads\/2020\/01\/08-1536x1019.jpg 1536w, https:\/\/martazbiblioteki.pl\/wp-content\/uploads\/2020\/01\/08-2048x1359.jpg 2048w\" sizes=\"(max-width: 640px) 100vw, 640px\" \/><\/p>\n<p>&nbsp;<\/p>\n<p><img loading=\"lazy\" class=\"wp-image-296 size-large\" src=\"https:\/\/martazbiblioteki.pl\/wp-content\/uploads\/2020\/01\/10-1-1024x679.jpg\" alt=\"\" width=\"640\" height=\"424\" srcset=\"https:\/\/martazbiblioteki.pl\/wp-content\/uploads\/2020\/01\/10-1-1024x679.jpg 1024w, https:\/\/martazbiblioteki.pl\/wp-content\/uploads\/2020\/01\/10-1-300x199.jpg 300w, https:\/\/martazbiblioteki.pl\/wp-content\/uploads\/2020\/01\/10-1-768x509.jpg 768w, https:\/\/martazbiblioteki.pl\/wp-content\/uploads\/2020\/01\/10-1-1536x1019.jpg 1536w, https:\/\/martazbiblioteki.pl\/wp-content\/uploads\/2020\/01\/10-1-2048x1359.jpg 2048w\" sizes=\"(max-width: 640px) 100vw, 640px\" \/><\/p>\n<p>&nbsp;<\/p>\n<p><img loading=\"lazy\" class=\"wp-image-295 size-large\" src=\"https:\/\/martazbiblioteki.pl\/wp-content\/uploads\/2020\/01\/11-1-1024x679.jpg\" alt=\"\" width=\"640\" height=\"424\" srcset=\"https:\/\/martazbiblioteki.pl\/wp-content\/uploads\/2020\/01\/11-1-1024x679.jpg 1024w, https:\/\/martazbiblioteki.pl\/wp-content\/uploads\/2020\/01\/11-1-300x199.jpg 300w, https:\/\/martazbiblioteki.pl\/wp-content\/uploads\/2020\/01\/11-1-768x509.jpg 768w, https:\/\/martazbiblioteki.pl\/wp-content\/uploads\/2020\/01\/11-1-1536x1019.jpg 1536w, https:\/\/martazbiblioteki.pl\/wp-content\/uploads\/2020\/01\/11-1-2048x1359.jpg 2048w\" sizes=\"(max-width: 640px) 100vw, 640px\" \/><\/p>\n<p>&nbsp;<\/p>\n<p><img loading=\"lazy\" class=\"wp-image-294 size-large\" src=\"https:\/\/martazbiblioteki.pl\/wp-content\/uploads\/2020\/01\/12-1024x679.jpg\" alt=\"\" width=\"640\" height=\"424\" srcset=\"https:\/\/martazbiblioteki.pl\/wp-content\/uploads\/2020\/01\/12-1024x679.jpg 1024w, https:\/\/martazbiblioteki.pl\/wp-content\/uploads\/2020\/01\/12-300x199.jpg 300w, https:\/\/martazbiblioteki.pl\/wp-content\/uploads\/2020\/01\/12-768x509.jpg 768w, https:\/\/martazbiblioteki.pl\/wp-content\/uploads\/2020\/01\/12-1536x1019.jpg 1536w, https:\/\/martazbiblioteki.pl\/wp-content\/uploads\/2020\/01\/12-2048x1359.jpg 2048w\" sizes=\"(max-width: 640px) 100vw, 640px\" \/><\/p>\n<p>&nbsp;<\/p>\n<p><img loading=\"lazy\" class=\"wp-image-293 size-large\" src=\"https:\/\/martazbiblioteki.pl\/wp-content\/uploads\/2020\/01\/13-1024x679.jpg\" alt=\"\" width=\"640\" height=\"424\" srcset=\"https:\/\/martazbiblioteki.pl\/wp-content\/uploads\/2020\/01\/13-1024x679.jpg 1024w, https:\/\/martazbiblioteki.pl\/wp-content\/uploads\/2020\/01\/13-300x199.jpg 300w, https:\/\/martazbiblioteki.pl\/wp-content\/uploads\/2020\/01\/13-768x509.jpg 768w, https:\/\/martazbiblioteki.pl\/wp-content\/uploads\/2020\/01\/13-1536x1019.jpg 1536w, https:\/\/martazbiblioteki.pl\/wp-content\/uploads\/2020\/01\/13-2048x1359.jpg 2048w\" sizes=\"(max-width: 640px) 100vw, 640px\" \/><\/p>\n<p>&nbsp;<\/p>\n<p><img loading=\"lazy\" class=\"wp-image-292 size-large\" src=\"https:\/\/martazbiblioteki.pl\/wp-content\/uploads\/2020\/01\/14-1024x679.jpg\" alt=\"\" width=\"640\" height=\"424\" srcset=\"https:\/\/martazbiblioteki.pl\/wp-content\/uploads\/2020\/01\/14-1024x679.jpg 1024w, https:\/\/martazbiblioteki.pl\/wp-content\/uploads\/2020\/01\/14-300x199.jpg 300w, https:\/\/martazbiblioteki.pl\/wp-content\/uploads\/2020\/01\/14-768x509.jpg 768w, https:\/\/martazbiblioteki.pl\/wp-content\/uploads\/2020\/01\/14-1536x1019.jpg 1536w, https:\/\/martazbiblioteki.pl\/wp-content\/uploads\/2020\/01\/14-2048x1359.jpg 2048w\" sizes=\"(max-width: 640px) 100vw, 640px\" \/><\/p>\n<p>&nbsp;<\/p>\n<p><img loading=\"lazy\" class=\"wp-image-291 size-large\" src=\"https:\/\/martazbiblioteki.pl\/wp-content\/uploads\/2020\/01\/15-1024x679.jpg\" alt=\"\" width=\"640\" height=\"424\" srcset=\"https:\/\/martazbiblioteki.pl\/wp-content\/uploads\/2020\/01\/15-1024x679.jpg 1024w, https:\/\/martazbiblioteki.pl\/wp-content\/uploads\/2020\/01\/15-300x199.jpg 300w, https:\/\/martazbiblioteki.pl\/wp-content\/uploads\/2020\/01\/15-768x509.jpg 768w, https:\/\/martazbiblioteki.pl\/wp-content\/uploads\/2020\/01\/15-1536x1019.jpg 1536w, https:\/\/martazbiblioteki.pl\/wp-content\/uploads\/2020\/01\/15-2048x1359.jpg 2048w\" sizes=\"(max-width: 640px) 100vw, 640px\" \/><\/p>\n<p>&nbsp;<\/p>\n<p><img loading=\"lazy\" class=\"wp-image-290 size-large\" src=\"https:\/\/martazbiblioteki.pl\/wp-content\/uploads\/2020\/01\/16-679x1024.jpg\" alt=\"\" width=\"640\" height=\"965\" srcset=\"https:\/\/martazbiblioteki.pl\/wp-content\/uploads\/2020\/01\/16-679x1024.jpg 679w, https:\/\/martazbiblioteki.pl\/wp-content\/uploads\/2020\/01\/16-199x300.jpg 199w, https:\/\/martazbiblioteki.pl\/wp-content\/uploads\/2020\/01\/16-768x1158.jpg 768w, https:\/\/martazbiblioteki.pl\/wp-content\/uploads\/2020\/01\/16-1019x1536.jpg 1019w, https:\/\/martazbiblioteki.pl\/wp-content\/uploads\/2020\/01\/16-1359x2048.jpg 1359w, https:\/\/martazbiblioteki.pl\/wp-content\/uploads\/2020\/01\/16-rotated.jpg 1624w\" sizes=\"(max-width: 640px) 100vw, 640px\" \/><\/p>\n<p>&nbsp;<\/p>\n<p>O II Wojnie \u015awiatowej powsta\u0142y te\u017c pi\u0119kne ksi\u0105\u017cki dla dzieci i m\u0142odzie\u017cy. I o tym b\u0119dzie kolejny wpis.<\/p>\n","protected":false},"excerpt":{"rendered":"<p>Do napisania tego posta zainspirowali mnie Czytelnicy i Czytelniczki z kt\u00f3rymi wielokrotnie rozmawia\u0142am o ksi\u0105\u017ckach dotycz\u0105cych II Wojny \u015awiatowej. A stycze\u0144 to te\u017c wyj\u0105tkowy miesi\u0105c, bo obchodzimy kolejn\u0105 rocznic\u0119 wyzwolenia KL Auschwitz. Gdy 27 stycznia us\u0142ysza\u0142am przem\u00f3wienie Mariana Turskiego stoj\u0105cego obok Bramy \u015amierci szczeg\u00f3lnie utkwi\u0142y mi w g\u0142owie s\u0142owa: &#8222;Nie b\u0105d\u017acie oboj\u0119tni&#8230;&#8221; Czy przez pami\u0119\u0107 &hellip; <\/p>\n","protected":false},"author":1,"featured_media":0,"comment_status":"closed","ping_status":"closed","sticky":false,"template":"","format":"standard","meta":[],"categories":[5,1],"tags":[],"_links":{"self":[{"href":"https:\/\/martazbiblioteki.pl\/index.php\/wp-json\/wp\/v2\/posts\/307"}],"collection":[{"href":"https:\/\/martazbiblioteki.pl\/index.php\/wp-json\/wp\/v2\/posts"}],"about":[{"href":"https:\/\/martazbiblioteki.pl\/index.php\/wp-json\/wp\/v2\/types\/post"}],"author":[{"embeddable":true,"href":"https:\/\/martazbiblioteki.pl\/index.php\/wp-json\/wp\/v2\/users\/1"}],"replies":[{"embeddable":true,"href":"https:\/\/martazbiblioteki.pl\/index.php\/wp-json\/wp\/v2\/comments?post=307"}],"version-history":[{"count":1,"href":"https:\/\/martazbiblioteki.pl\/index.php\/wp-json\/wp\/v2\/posts\/307\/revisions"}],"predecessor-version":[{"id":308,"href":"https:\/\/martazbiblioteki.pl\/index.php\/wp-json\/wp\/v2\/posts\/307\/revisions\/308"}],"wp:attachment":[{"href":"https:\/\/martazbiblioteki.pl\/index.php\/wp-json\/wp\/v2\/media?parent=307"}],"wp:term":[{"taxonomy":"category","embeddable":true,"href":"https:\/\/martazbiblioteki.pl\/index.php\/wp-json\/wp\/v2\/categories?post=307"},{"taxonomy":"post_tag","embeddable":true,"href":"https:\/\/martazbiblioteki.pl\/index.php\/wp-json\/wp\/v2\/tags?post=307"}],"curies":[{"name":"wp","href":"https:\/\/api.w.org\/{rel}","templated":true}]}}