{"id":340,"date":"2020-02-18T22:14:16","date_gmt":"2020-02-18T21:14:16","guid":{"rendered":"http:\/\/martazbiblioteki.pl\/?p=340"},"modified":"2020-02-18T22:33:10","modified_gmt":"2020-02-18T21:33:10","slug":"marzenia-sie-spelniaja","status":"publish","type":"post","link":"https:\/\/martazbiblioteki.pl\/index.php\/2020\/02\/18\/marzenia-sie-spelniaja\/","title":{"rendered":"Marzenia si\u0119 spe\u0142niaj\u0105&#8230;"},"content":{"rendered":"<p>Czasem bywa tak, \u017ce bohaterowie przeczytanej ksi\u0105\u017cki nie chc\u0105 nas opu\u015bci\u0107,a historia, kt\u00f3r\u0105 poznali\u015bmy utkwi\u0142a gdzie\u015b g\u0142\u0119boko w naszym sercu. Tak by\u0142o w tym przypadku. Po przeczytaniu autobiografii Antoniny \u017babi\u0144skiej pt. Ludzie i zwierz\u0119ta nie umia\u0142am si\u0119 z ni\u0105 rozsta\u0107. To tak jakby Antonina chcia\u0142a mi co\u015b powiedzie\u0107. Dziwne, prawda? Ale tak narodzi\u0142 si\u0119 pomys\u0142 napisania ksi\u0105\u017cki dla dzieci i m\u0142odzie\u017cy. &#8211; To nie koniec- pomy\u015bla\u0142am. &#8211; To nowy pocz\u0105tek. Ta historia zostanie ze mn\u0105 na d\u0142u\u017cej, a je\u015bli b\u0119d\u0119 mie\u0107 szcz\u0119\u015bcie pozna j\u0105 wielu czytelnik\u00f3w. Bo to dla Was j\u0105 napisa\u0142am. Uda\u0142o mi si\u0119 skontaktowa\u0107 z pani\u0105 Teres\u0105 \u017babi\u0144sk\u0105, c\u00f3rk\u0105 Pa\u0144stwa \u017babi\u0144skich, kt\u00f3ra przeczytaniu maszynopisu wyrazi\u0142a aprobat\u0119 i pozwoli\u0142a na wydanie.Nasz Azyl to historia Jana i Antoniny \u017babi\u0144skich, opowiedziana z perspektywy ich syna Rysia.\u00a0 Niech ta ksi\u0105\u017cka b\u0119dzie mostem \u0142\u0105cz\u0105cym przesz\u0142o\u015b\u0107 z tera\u017aniejszo\u015bci\u0105, ale te\u017c mostem kt\u00f3ry po\u0142\u0105czy pokolenia. Marz\u0119 o tym by dyskutowali o niej doro\u015bli z dzie\u0107mi i m\u0142odzie\u017c\u0105. Niech inspiracja takimi \u017cyciorysami pozwoli nam na przekazywanie wiedzy historycznej wykraczaj\u0105cej poza podr\u0119czniki.<\/p>\n<p>Premiera w marcu 2020 nak\u0142adem wydawnictwa BIS. ilustracje stworzy\u0142a Katarzyna Bukiert.<\/p>\n<p>Mam nadziej\u0119, \u017ce Wam si\u0119 spodoba.<\/p>\n<p>&nbsp;<\/p>\n<p><img loading=\"lazy\" class=\"aligncenter wp-image-342 size-full\" src=\"https:\/\/martazbiblioteki.pl\/wp-content\/uploads\/2020\/02\/NASZ_AZYL_ok\u0142adka.jpg\" alt=\"\" width=\"500\" height=\"704\" srcset=\"https:\/\/martazbiblioteki.pl\/wp-content\/uploads\/2020\/02\/NASZ_AZYL_ok\u0142adka.jpg 500w, https:\/\/martazbiblioteki.pl\/wp-content\/uploads\/2020\/02\/NASZ_AZYL_ok\u0142adka-213x300.jpg 213w\" sizes=\"(max-width: 500px) 100vw, 500px\" \/><\/p>\n<p>&nbsp;<\/p>\n","protected":false},"excerpt":{"rendered":"<p>Czasem bywa tak, \u017ce bohaterowie przeczytanej ksi\u0105\u017cki nie chc\u0105 nas opu\u015bci\u0107,a historia, kt\u00f3r\u0105 poznali\u015bmy utkwi\u0142a gdzie\u015b g\u0142\u0119boko w naszym sercu. Tak by\u0142o w tym przypadku. Po przeczytaniu autobiografii Antoniny \u017babi\u0144skiej pt. Ludzie i zwierz\u0119ta nie umia\u0142am si\u0119 z ni\u0105 rozsta\u0107. To tak jakby Antonina chcia\u0142a mi co\u015b powiedzie\u0107. Dziwne, prawda? Ale tak narodzi\u0142 si\u0119 pomys\u0142 &hellip; <\/p>\n","protected":false},"author":1,"featured_media":0,"comment_status":"closed","ping_status":"closed","sticky":false,"template":"","format":"standard","meta":[],"categories":[5,4,1],"tags":[],"_links":{"self":[{"href":"https:\/\/martazbiblioteki.pl\/index.php\/wp-json\/wp\/v2\/posts\/340"}],"collection":[{"href":"https:\/\/martazbiblioteki.pl\/index.php\/wp-json\/wp\/v2\/posts"}],"about":[{"href":"https:\/\/martazbiblioteki.pl\/index.php\/wp-json\/wp\/v2\/types\/post"}],"author":[{"embeddable":true,"href":"https:\/\/martazbiblioteki.pl\/index.php\/wp-json\/wp\/v2\/users\/1"}],"replies":[{"embeddable":true,"href":"https:\/\/martazbiblioteki.pl\/index.php\/wp-json\/wp\/v2\/comments?post=340"}],"version-history":[{"count":4,"href":"https:\/\/martazbiblioteki.pl\/index.php\/wp-json\/wp\/v2\/posts\/340\/revisions"}],"predecessor-version":[{"id":345,"href":"https:\/\/martazbiblioteki.pl\/index.php\/wp-json\/wp\/v2\/posts\/340\/revisions\/345"}],"wp:attachment":[{"href":"https:\/\/martazbiblioteki.pl\/index.php\/wp-json\/wp\/v2\/media?parent=340"}],"wp:term":[{"taxonomy":"category","embeddable":true,"href":"https:\/\/martazbiblioteki.pl\/index.php\/wp-json\/wp\/v2\/categories?post=340"},{"taxonomy":"post_tag","embeddable":true,"href":"https:\/\/martazbiblioteki.pl\/index.php\/wp-json\/wp\/v2\/tags?post=340"}],"curies":[{"name":"wp","href":"https:\/\/api.w.org\/{rel}","templated":true}]}}