{"id":407,"date":"2020-05-18T18:34:45","date_gmt":"2020-05-18T16:34:45","guid":{"rendered":"http:\/\/martazbiblioteki.pl\/?p=407"},"modified":"2020-05-18T18:34:45","modified_gmt":"2020-05-18T16:34:45","slug":"wiatr-we-wlosach","status":"publish","type":"post","link":"https:\/\/martazbiblioteki.pl\/index.php\/2020\/05\/18\/wiatr-we-wlosach\/","title":{"rendered":"Wiatr we w\u0142osach"},"content":{"rendered":"<p align=\"center\">\n<p align=\"left\">Lubi\u0119 wiatr we w\u0142osach i \u015bcigaj\u0105ce si\u0119 w nich promienie s\u0142o\u0144ca. Lubi\u0119 zapach trawy po majowym deszczu i kolor nieba o poranku. Lubi\u0119 spacery le\u015bnymi \u015bcie\u017ckami, szum ba\u0142tyckich fal, ale te\u017c g\u00f3rskie w\u0119dr\u00f3wki i leniwe popo\u0142udnia z ksi\u0105\u017ck\u0105. Najpi\u0119kniejszy bukiet to ten z polnych kwiat\u00f3w i niezapominajek. I tylko czasem przychodzi do mnie ta my\u015bl&#8230;<\/p>\n<p align=\"left\">Co one lubi\u0142y? Jakie mia\u0142y marzenia? Co dla nich oznacza\u0142 pocz\u0105tek II Wojny \u015awiatowej? Czy babcia Janka patrz\u0105c na swoje wnuki wiedzia\u0142a, \u017ce wojn\u0119 przetrwa tylko troje? Czy Irenie przesz\u0142o przez my\u015bl, gdy rozstawa\u0142a si\u0119 we wrze\u015bniu 1939 roku ze swoim narzeczonym, \u017ce nigdy wi\u0119cej go nie zobaczy. Dlaczego ma\u0142a Mania musia\u0142a si\u0119 ukrywa\u0107, a Esterka z Domu Sierot nigdy nie doros\u0142a. Co mia\u0142a my\u015ble\u0107 Hania, gdy rodzice zabronili jej bawi\u0107 si\u0119 z Debor\u0105? I czemu Debora znikn\u0119\u0142a z podw\u00f3rka na zawsze, zostawiaj\u0105c po sobie jedynie zapomnian\u0105, granatow\u0105 wst\u0105\u017ck\u0119.<\/p>\n<p align=\"left\">Niewa\u017cne ile mia\u0142y lat, wszystkie chcia\u0142y \u017cy\u0107, a wojna to \u017cycie bezczelnie przerywa\u0142a, pl\u0105ta\u0142a \u015bcie\u017cki, rozdziela\u0142a rodziny, niszczy\u0142a to co dobre.<\/p>\n<p align=\"left\">Znamy tysi\u0105ce opowie\u015bci wojennych. Kolejne tyle nigdy nie zostanie odkryte. Dlatego czasem, gdy spojrzycie w niebo pomy\u015blcie o tych, kt\u00f3rym zosta\u0142o to odebrane\u2026<\/p>\n<p align=\"left\">Dobrej nocy\u2026<\/p>\n<p align=\"left\"><img loading=\"lazy\" class=\"aligncenter wp-image-406 size-large\" src=\"https:\/\/martazbiblioteki.pl\/wp-content\/uploads\/2020\/05\/DSC_8079-681x1024.jpg\" alt=\"\" width=\"640\" height=\"962\" srcset=\"https:\/\/martazbiblioteki.pl\/wp-content\/uploads\/2020\/05\/DSC_8079-681x1024.jpg 681w, https:\/\/martazbiblioteki.pl\/wp-content\/uploads\/2020\/05\/DSC_8079-200x300.jpg 200w, https:\/\/martazbiblioteki.pl\/wp-content\/uploads\/2020\/05\/DSC_8079-768x1154.jpg 768w, https:\/\/martazbiblioteki.pl\/wp-content\/uploads\/2020\/05\/DSC_8079-1022x1536.jpg 1022w, https:\/\/martazbiblioteki.pl\/wp-content\/uploads\/2020\/05\/DSC_8079-1363x2048.jpg 1363w, https:\/\/martazbiblioteki.pl\/wp-content\/uploads\/2020\/05\/DSC_8079-scaled.jpg 1703w\" sizes=\"(max-width: 640px) 100vw, 640px\" \/><\/p>\n<p align=\"left\">\n<p align=\"left\">Fot. Natalia Szewczyk<\/p>\n","protected":false},"excerpt":{"rendered":"<p>Lubi\u0119 wiatr we w\u0142osach i \u015bcigaj\u0105ce si\u0119 w nich promienie s\u0142o\u0144ca. Lubi\u0119 zapach trawy po majowym deszczu i kolor nieba o poranku. Lubi\u0119 spacery le\u015bnymi \u015bcie\u017ckami, szum ba\u0142tyckich fal, ale te\u017c g\u00f3rskie w\u0119dr\u00f3wki i leniwe popo\u0142udnia z ksi\u0105\u017ck\u0105. Najpi\u0119kniejszy bukiet to ten z polnych kwiat\u00f3w i niezapominajek. I tylko czasem przychodzi do mnie ta my\u015bl&#8230; &hellip; <\/p>\n","protected":false},"author":1,"featured_media":0,"comment_status":"closed","ping_status":"closed","sticky":false,"template":"","format":"standard","meta":[],"categories":[5,1],"tags":[],"_links":{"self":[{"href":"https:\/\/martazbiblioteki.pl\/index.php\/wp-json\/wp\/v2\/posts\/407"}],"collection":[{"href":"https:\/\/martazbiblioteki.pl\/index.php\/wp-json\/wp\/v2\/posts"}],"about":[{"href":"https:\/\/martazbiblioteki.pl\/index.php\/wp-json\/wp\/v2\/types\/post"}],"author":[{"embeddable":true,"href":"https:\/\/martazbiblioteki.pl\/index.php\/wp-json\/wp\/v2\/users\/1"}],"replies":[{"embeddable":true,"href":"https:\/\/martazbiblioteki.pl\/index.php\/wp-json\/wp\/v2\/comments?post=407"}],"version-history":[{"count":1,"href":"https:\/\/martazbiblioteki.pl\/index.php\/wp-json\/wp\/v2\/posts\/407\/revisions"}],"predecessor-version":[{"id":408,"href":"https:\/\/martazbiblioteki.pl\/index.php\/wp-json\/wp\/v2\/posts\/407\/revisions\/408"}],"wp:attachment":[{"href":"https:\/\/martazbiblioteki.pl\/index.php\/wp-json\/wp\/v2\/media?parent=407"}],"wp:term":[{"taxonomy":"category","embeddable":true,"href":"https:\/\/martazbiblioteki.pl\/index.php\/wp-json\/wp\/v2\/categories?post=407"},{"taxonomy":"post_tag","embeddable":true,"href":"https:\/\/martazbiblioteki.pl\/index.php\/wp-json\/wp\/v2\/tags?post=407"}],"curies":[{"name":"wp","href":"https:\/\/api.w.org\/{rel}","templated":true}]}}