{"id":422,"date":"2020-07-11T21:02:00","date_gmt":"2020-07-11T19:02:00","guid":{"rendered":"http:\/\/martazbiblioteki.pl\/?p=422"},"modified":"2020-07-11T21:03:14","modified_gmt":"2020-07-11T19:03:14","slug":"wakacje-w-moim-miescie","status":"publish","type":"post","link":"https:\/\/martazbiblioteki.pl\/index.php\/2020\/07\/11\/wakacje-w-moim-miescie\/","title":{"rendered":"Wakacje w moim mie\u015bcie&#8230;"},"content":{"rendered":"<p>Dzisiaj chcia\u0142abym Was zainspirowa\u0107 do sp\u0119dzenia letniego czasu w moim mie\u015bcie. Je\u015bli my\u015blicie, \u017ce w Obornikach nie ma czego ogl\u0105da\u0107 to mam nadziej\u0119,\u017ce po przeczytaniu tego wpisu, spakujecie plecaki i ruszycie na ma\u0142\u0105 w\u0119dr\u00f3wk\u0119.<\/p>\n<p>Niedawno czyta\u0142am Hani ksi\u0105\u017ck\u0119 wydan\u0105 przez Urz\u0105d Miejski w Obornikach- <strong>Zaczarowane miejsca. Obornickie podania, powiastki i legendy.<\/strong> Koncepcja projektu nale\u017cy do \u0141ukasza Bernadego, a utwory napisali: Pawe\u0142 B\u017adziak, Waldemar G\u00f3rny, Zygmunt Pytel, Tomasz W\u0119grzak i \u0141ukasz Bernady.<\/p>\n<p>W\u0142a\u015bnie ta ksi\u0105\u017cka sta\u0142a si\u0119 dla nas swoist\u0105 map\u0105 w\u0119dr\u00f3wek po naszym mie\u015bcie. Odwiedzili\u015bmy M\u0142yn Dahlmanna, rynek, &#8222;Aplage&#8221; (Hania robi\u0142a wielkie oczy, gdy m\u00f3wili\u015bmy jej, \u017ce kiedy\u015b sta\u0142 tu zamek), obornickie ko\u015bcio\u0142y, strzelnice, czyli OOK, a tak\u017ce miejsce gdzie dawniej sta\u0142a \u0142a\u017ania \u017cydowska i oczywi\u015bcie ruiny klasztoru.<\/p>\n<p>Ta ksi\u0105\u017cka jest \u015bwietna. Po przeczytaniu legendy, jest mo\u017cliwo\u015b\u0107 odczytania tzw. ziarna prawdy. Starsze dzieciaki dzi\u0119ki temu mog\u0105 zainteresowa\u0107 si\u0119 histori\u0105 naszego miasta. Nasza dwulatka p\u00f3ki co po prostu obserwuje miasto, zadaje pierwsze pytania. Ale starsze dzieci na pewno zainteresuj\u0105 ciekawostki zwi\u0105zane z naszymi Obornikami.<\/p>\n<p>Bo przecie\u017c moje miasto kryje niejedn\u0105 tajemnice. Kto\u00a0 Was nie s\u0142ysza\u0142 o podziemnych przej\u015bciach prowadz\u0105cych od ko\u015bcio\u0142a farnego do klasztoru franciszkan\u00f3w, czy o tym \u0142\u0105cz\u0105cym klasztor z cegielni\u0105 po drugiej stronie Warty. Podobno na Apladze sta\u0142 zamek, w kt\u00f3rym go\u015bcili kr\u00f3lowie a w murach klasztoru ukryty jest drogocenny kamie\u0144. Zaintrygowani? Mam nadziej\u0119, \u017ce tak.<\/p>\n<p>Zapraszam Was te\u017c na stron\u0119 internetow\u0105 naszego obornickiego archiwum cyfrowego: http:\/\/rzeki-czasu.pl\/, a tak\u017ce na stron\u0119 Urz\u0119du: https:\/\/www.oborniki.pl\/. Poznawanie historii regionu jest ciekawe i ekscytuj\u0105ce.<\/p>\n<p>Dodatkowym atutem ksi\u0105\u017cki Zaczarowane miejsca s\u0105 ilustracje. Stworzyli je uczniowie i uczennice obornickich szk\u00f3\u0142. Pami\u0119tam premier\u0119 tej ksi\u0105\u017cki. Odby\u0142a si\u0119 w czasie Dni Obornik w 2017 roku w m\u0142ynie Dahlmanna. Wtedy w jego wn\u0119trzach by\u0142am pierwszy raz.<\/p>\n<p>&nbsp;<\/p>\n<figure id=\"attachment_418\" aria-describedby=\"caption-attachment-418\" style=\"width: 640px\" class=\"wp-caption aligncenter\"><img loading=\"lazy\" class=\"wp-image-418 size-large\" src=\"https:\/\/martazbiblioteki.pl\/wp-content\/uploads\/2020\/07\/01-679x1024.jpg\" alt=\"\" width=\"640\" height=\"965\" srcset=\"https:\/\/martazbiblioteki.pl\/wp-content\/uploads\/2020\/07\/01-679x1024.jpg 679w, https:\/\/martazbiblioteki.pl\/wp-content\/uploads\/2020\/07\/01-199x300.jpg 199w, https:\/\/martazbiblioteki.pl\/wp-content\/uploads\/2020\/07\/01-768x1158.jpg 768w, https:\/\/martazbiblioteki.pl\/wp-content\/uploads\/2020\/07\/01.jpg 812w\" sizes=\"(max-width: 640px) 100vw, 640px\" \/><figcaption id=\"caption-attachment-418\" class=\"wp-caption-text\">M\u0142yn Dahlmanna lipiec 2020<\/figcaption><\/figure>\n<p>&nbsp;<\/p>\n<figure id=\"attachment_419\" aria-describedby=\"caption-attachment-419\" style=\"width: 640px\" class=\"wp-caption aligncenter\"><img loading=\"lazy\" class=\"wp-image-419 size-large\" src=\"https:\/\/martazbiblioteki.pl\/wp-content\/uploads\/2020\/07\/02-679x1024.jpg\" alt=\"\" width=\"640\" height=\"965\" srcset=\"https:\/\/martazbiblioteki.pl\/wp-content\/uploads\/2020\/07\/02-679x1024.jpg 679w, https:\/\/martazbiblioteki.pl\/wp-content\/uploads\/2020\/07\/02-199x300.jpg 199w, https:\/\/martazbiblioteki.pl\/wp-content\/uploads\/2020\/07\/02-768x1158.jpg 768w, https:\/\/martazbiblioteki.pl\/wp-content\/uploads\/2020\/07\/02.jpg 812w\" sizes=\"(max-width: 640px) 100vw, 640px\" \/><figcaption id=\"caption-attachment-419\" class=\"wp-caption-text\">Tajemnicze drzwi, przy kt\u00f3rych fotografuje si\u0119 wielu oborniczan. Lipiec 2020<\/figcaption><\/figure>\n<p>&nbsp;<\/p>\n<p>A jak ju\u017c zg\u0142\u0119bicie tajemnice naszego miasta czeka na Was druga cz\u0119\u015b\u0107 poda\u0144 i legend. Tym razem o obornickich wioskach, ale o tym opowiem Wam innym razem&#8230;<\/p>\n<p>Pi\u0119knego weekendu. Czekam na Wasze pomys\u0142y na sp\u0119dzenie czasu w naszych Obornikach.<\/p>\n<p>&nbsp;<\/p>\n<figure id=\"attachment_420\" aria-describedby=\"caption-attachment-420\" style=\"width: 640px\" class=\"wp-caption aligncenter\"><img loading=\"lazy\" class=\"wp-image-420 size-large\" src=\"https:\/\/martazbiblioteki.pl\/wp-content\/uploads\/2020\/07\/04-679x1024.jpg\" alt=\"\" width=\"640\" height=\"965\" srcset=\"https:\/\/martazbiblioteki.pl\/wp-content\/uploads\/2020\/07\/04-679x1024.jpg 679w, https:\/\/martazbiblioteki.pl\/wp-content\/uploads\/2020\/07\/04-199x300.jpg 199w, https:\/\/martazbiblioteki.pl\/wp-content\/uploads\/2020\/07\/04-768x1158.jpg 768w, https:\/\/martazbiblioteki.pl\/wp-content\/uploads\/2020\/07\/04.jpg 812w\" sizes=\"(max-width: 640px) 100vw, 640px\" \/><figcaption id=\"caption-attachment-420\" class=\"wp-caption-text\">Zaczarowane miejsca&#8230;<\/figcaption><\/figure>\n<p>&nbsp;<\/p>\n<figure id=\"attachment_421\" aria-describedby=\"caption-attachment-421\" style=\"width: 640px\" class=\"wp-caption aligncenter\"><img loading=\"lazy\" class=\"wp-image-421 size-large\" src=\"https:\/\/martazbiblioteki.pl\/wp-content\/uploads\/2020\/07\/DSC09037-1024x679.jpg\" alt=\"\" width=\"640\" height=\"424\" srcset=\"https:\/\/martazbiblioteki.pl\/wp-content\/uploads\/2020\/07\/DSC09037-1024x679.jpg 1024w, https:\/\/martazbiblioteki.pl\/wp-content\/uploads\/2020\/07\/DSC09037-300x199.jpg 300w, https:\/\/martazbiblioteki.pl\/wp-content\/uploads\/2020\/07\/DSC09037-768x509.jpg 768w, https:\/\/martazbiblioteki.pl\/wp-content\/uploads\/2020\/07\/DSC09037-1536x1019.jpg 1536w, https:\/\/martazbiblioteki.pl\/wp-content\/uploads\/2020\/07\/DSC09037-2048x1359.jpg 2048w\" sizes=\"(max-width: 640px) 100vw, 640px\" \/><figcaption id=\"caption-attachment-421\" class=\"wp-caption-text\">Oborniki o zachodzie s\u0142o\u0144ca&#8230;<\/figcaption><\/figure>\n<p>&nbsp;<\/p>\n<p>W Urz\u0119dzie miasta otrzyma\u0142am informacje, \u017ce druga cz\u0119\u015bci obornickich legend jest dost\u0119pna, mo\u017cna j\u0105 zakupi\u0107. Mo\u017cecie te\u017c wypo\u017cycza\u0107 obie w naszej bibliotece.<\/p>\n","protected":false},"excerpt":{"rendered":"<p>Dzisiaj chcia\u0142abym Was zainspirowa\u0107 do sp\u0119dzenia letniego czasu w moim mie\u015bcie. Je\u015bli my\u015blicie, \u017ce w Obornikach nie ma czego ogl\u0105da\u0107 to mam nadziej\u0119,\u017ce po przeczytaniu tego wpisu, spakujecie plecaki i ruszycie na ma\u0142\u0105 w\u0119dr\u00f3wk\u0119. Niedawno czyta\u0142am Hani ksi\u0105\u017ck\u0119 wydan\u0105 przez Urz\u0105d Miejski w Obornikach- Zaczarowane miejsca. Obornickie podania, powiastki i legendy. Koncepcja projektu nale\u017cy do &hellip; <\/p>\n","protected":false},"author":1,"featured_media":0,"comment_status":"closed","ping_status":"closed","sticky":false,"template":"","format":"standard","meta":[],"categories":[5,4,1],"tags":[],"_links":{"self":[{"href":"https:\/\/martazbiblioteki.pl\/index.php\/wp-json\/wp\/v2\/posts\/422"}],"collection":[{"href":"https:\/\/martazbiblioteki.pl\/index.php\/wp-json\/wp\/v2\/posts"}],"about":[{"href":"https:\/\/martazbiblioteki.pl\/index.php\/wp-json\/wp\/v2\/types\/post"}],"author":[{"embeddable":true,"href":"https:\/\/martazbiblioteki.pl\/index.php\/wp-json\/wp\/v2\/users\/1"}],"replies":[{"embeddable":true,"href":"https:\/\/martazbiblioteki.pl\/index.php\/wp-json\/wp\/v2\/comments?post=422"}],"version-history":[{"count":1,"href":"https:\/\/martazbiblioteki.pl\/index.php\/wp-json\/wp\/v2\/posts\/422\/revisions"}],"predecessor-version":[{"id":423,"href":"https:\/\/martazbiblioteki.pl\/index.php\/wp-json\/wp\/v2\/posts\/422\/revisions\/423"}],"wp:attachment":[{"href":"https:\/\/martazbiblioteki.pl\/index.php\/wp-json\/wp\/v2\/media?parent=422"}],"wp:term":[{"taxonomy":"category","embeddable":true,"href":"https:\/\/martazbiblioteki.pl\/index.php\/wp-json\/wp\/v2\/categories?post=422"},{"taxonomy":"post_tag","embeddable":true,"href":"https:\/\/martazbiblioteki.pl\/index.php\/wp-json\/wp\/v2\/tags?post=422"}],"curies":[{"name":"wp","href":"https:\/\/api.w.org\/{rel}","templated":true}]}}