{"id":431,"date":"2020-09-01T17:00:02","date_gmt":"2020-09-01T15:00:02","guid":{"rendered":"http:\/\/martazbiblioteki.pl\/?p=431"},"modified":"2020-09-19T14:51:07","modified_gmt":"2020-09-19T12:51:07","slug":"idzie-jesien","status":"publish","type":"post","link":"https:\/\/martazbiblioteki.pl\/index.php\/2020\/09\/01\/idzie-jesien\/","title":{"rendered":"Idzie jesie\u0144"},"content":{"rendered":"<p style=\"text-align: center;\" align=\"left\">Ma\u0142ymi krokami zbli\u017ca si\u0119 jesie\u0144. Czu\u0107 to z ka\u017cdym kr\u00f3cej trwaj\u0105cym dniem. Z drzew opadaj\u0105 pierwsze li\u015bcie, ko\u0144cz\u0105 si\u0119 powoli \u017cniwa,a w powietrzu czu\u0107 koniec wakacji. Za chwil\u0119 bociany wylec\u0105 ze swoich gniazd, a my wybierzemy si\u0119 na pierwsze grzybobranie. Lubicie las? My kochamy o ka\u017cdej porze roku.<\/p>\n<p style=\"text-align: center;\" align=\"left\">Do le\u015bnych w\u0119dr\u00f3wek nie trzeba Was pewnie namawia\u0107 ale mog\u0119 Wam je ubarwi\u0107.<\/p>\n<p style=\"text-align: center;\" align=\"left\">Przedstawiam moje rymowanki o grzybach a poni\u017cej ksi\u0105\u017cki o tematyce jesiennej. Przydadz\u0105 si\u0119 do zabawy w domu, przedszkolu czy bibliotece.<\/p>\n<p style=\"text-align: center;\" align=\"left\"><em><strong>GRZYBY<\/strong><\/em><\/p>\n<p style=\"text-align: center;\" align=\"left\"><em><strong>Borowik<\/strong><\/em><\/p>\n<p style=\"text-align: center;\" align=\"left\">Borowik to kr\u00f3l grzyb\u00f3w.<\/p>\n<p style=\"text-align: center;\" align=\"left\">Ma powa\u017cne zadanie.<\/p>\n<p style=\"text-align: center;\" align=\"left\">Musi dobrze wygl\u0105da\u0107,<\/p>\n<p style=\"text-align: center;\" align=\"left\">szczeg\u00f3lnie na drugie danie.<\/p>\n<p style=\"text-align: center;\" align=\"left\"><em><strong>Ma\u015blak<\/strong><\/em><\/p>\n<p style=\"text-align: center;\" align=\"left\">Ma\u015blak to grzyb \u015bliski,<\/p>\n<p style=\"text-align: center;\" align=\"left\">ale wszystkim smakuje.<\/p>\n<p style=\"text-align: center;\" align=\"left\">Gdy prosto z babcinej miski,<\/p>\n<p style=\"text-align: center;\" align=\"left\">w s\u0142oiku z marynat\u0105 l\u0105duje.<\/p>\n<p style=\"text-align: center;\" align=\"left\"><strong><em>Muchomor<\/em><\/strong><\/p>\n<p style=\"text-align: center;\" align=\"left\">Muchomor ma kapelusz czerwony.<\/p>\n<p style=\"text-align: center;\" align=\"left\">Wie\u015b\u0107 le\u015bna niesie,<\/p>\n<p style=\"text-align: center;\" align=\"left\">\u017ce szuka \u017cony,<\/p>\n<p style=\"text-align: center;\" align=\"left\">dlatego taki jest wystrojony.<\/p>\n<p style=\"text-align: center;\" align=\"left\"><em><strong>Zielonki<\/strong><\/em><\/p>\n<p style=\"text-align: center;\" align=\"left\">Zielonki lubi\u0105 zimny czas.<\/p>\n<p style=\"text-align: center;\" align=\"left\">Dlatego w listopadzie je zbieramy.<\/p>\n<p style=\"text-align: center;\" align=\"left\">Ich wygl\u0105d czasem myli nas,<\/p>\n<p style=\"text-align: center;\" align=\"left\">wi\u0119c na opinie taty czekamy.<\/p>\n<p style=\"text-align: center;\" align=\"left\"><em><strong>Kurka<\/strong><\/em><\/p>\n<p style=\"text-align: center;\" align=\"left\">Ze z\u0142otych kurek<\/p>\n<p style=\"text-align: center;\" align=\"left\">pyszny jest sos.<\/p>\n<p style=\"text-align: center;\" align=\"left\">Przez nie ma\u0142y Jurek<\/p>\n<p style=\"text-align: center;\" align=\"left\">do garnka wtyka nos.<\/p>\n<p style=\"text-align: center;\" align=\"left\"><em><strong>Sowa<\/strong><\/em><\/p>\n<p style=\"text-align: center;\" align=\"left\">Najpi\u0119kniejszy kapelusz ma sowa.<\/p>\n<p style=\"text-align: center;\" align=\"left\">Du\u017cy i okaza\u0142y.<\/p>\n<p style=\"text-align: center;\" align=\"left\">Bywa, \u017ce przed nami si\u0119 chowa,<\/p>\n<p style=\"text-align: center;\" align=\"left\">bo chce by pozosta\u0142 on ca\u0142y.<\/p>\n<p style=\"text-align: center;\" align=\"left\"><em><strong>Podgrzybek<\/strong><\/em><\/p>\n<p style=\"text-align: center;\" align=\"left\">Podgrzybek jest taki smaczny,<\/p>\n<p style=\"text-align: center;\" align=\"left\">\u017ce jem go nawet z kapust\u0105.<\/p>\n<p style=\"text-align: center;\" align=\"left\">Cho\u0107 to posi\u0142ek znaczny,<\/p>\n<p style=\"text-align: center;\" align=\"left\">zostawiam misk\u0119 pust\u0105.<\/p>\n<p style=\"text-align: center;\" align=\"left\"><em><strong>Kozak<\/strong><\/em><\/p>\n<p style=\"text-align: center;\" align=\"left\">Ten kozak ma obcas jeden.<\/p>\n<p style=\"text-align: center;\" align=\"left\">W lesie w\u015br\u00f3d grzyb\u00f3w mieszka.<\/p>\n<p style=\"text-align: center;\" align=\"left\">Bardzo lubi je zbiera\u0107<\/p>\n<p style=\"text-align: center;\" align=\"left\">moja ciocia Agnieszka.<\/p>\n<p style=\"text-align: center;\" align=\"left\"><em><strong>Rydze<\/strong><\/em><\/p>\n<p style=\"text-align: center;\" align=\"left\">Rydze to rude grzyby,<\/p>\n<p style=\"text-align: center;\" align=\"left\">wszyscy to wiedz\u0105.<\/p>\n<p style=\"text-align: center;\" align=\"left\">Rydze s\u0105 lepsze od ryby,<\/p>\n<p style=\"text-align: center;\" align=\"left\">wi\u0119c dzieci na kolacje je jedz\u0105.<\/p>\n<p style=\"text-align: center;\" align=\"left\">A tutaj lista moich ulubionych ksi\u0105\u017cek.<\/p>\n<p style=\"text-align: center;\" align=\"left\">Zapraszam do skorzystania.<\/p>\n<ol style=\"text-align: center;\">\n<li>\n<p align=\"left\">Jesie\u0144 na ulicy Czere\u015bniowej- Rotraut Suzanne Berner (dost\u0119pna te\u017c wiosna, lato, zima)<\/p>\n<\/li>\n<li>\n<p align=\"left\">Jesie\u0144 w klinice ma\u0142ych zwierz\u0105t w Le\u015bnej G\u00f3rze- Tomasz Szwed<\/p>\n<\/li>\n<li>\n<p align=\"left\">Jesie\u0144 w Stumilowym Lesie- A.A Milne<\/p>\n<\/li>\n<li>\n<p align=\"left\">Przewodnik prawdziwych tropicieli. Jesie\u0144- Adam Wajrak (dost\u0119pne inne pory roku)<\/p>\n<\/li>\n<li>\n<p align=\"left\">Weso\u0142y ryjek i jesie\u0144- Wojciech Wid\u0142ak<\/p>\n<\/li>\n<li>\n<p align=\"left\">Razem ze s\u0142onkiem. Cz. 4 Z\u0142ota jesie\u0144- Maria Kownacka (dost\u0119pne te\u017c inne pory roku)<\/p>\n<\/li>\n<li>\n<p align=\"left\">Z\u0142ota polska jesie\u0144- Ewa Mirkowska<\/p>\n<\/li>\n<li>\n<p align=\"left\">Grzyby- Jan Brzechwa Od wiosny do wiosny- S. Szuchowa i H. Zdzitowiecka<\/p>\n<\/li>\n<\/ol>\n<p><strong>Tutaj motyw czterech p\u00f3r roku:\u00a0<\/strong><\/p>\n<ol>\n<li><strong>Jak dobrze mie\u0107 s\u0105siad\u00f3w- Ciara Flood<\/strong><\/li>\n<li><strong>Rok w lesie- Emilia Dziubak<\/strong><\/li>\n<li><strong>Jab\u0142onka Eli- Catarina Kruusval<\/strong><\/li>\n<li><strong>Rok z Line\u0105- Christina Bjork<\/strong><\/li>\n<li><strong>Od wiosny do wiosny- S. Szuchowa i H. Zdzitowieck<\/strong>a<\/li>\n<\/ol>\n<p style=\"text-align: center;\" align=\"left\">W obornickiej bibliotece znajdziecie te\u017c r\u00f3\u017cnego rodzaju poradniki, przewodniki i ksi\u0105\u017cki przyrodnicze. Szukajcie ich te\u017c w swoich bibliotekach.<\/p>\n<p style=\"text-align: center;\" align=\"left\">Je\u015bli macie pytania zapraszam do kontaktu.<\/p>\n<p style=\"text-align: center;\" align=\"left\">Pi\u0119knych w\u0119dr\u00f3wek i dobrej zabawy.<\/p>\n<p align=\"left\"><img loading=\"lazy\" class=\"wp-image-429 size-full aligncenter\" src=\"https:\/\/martazbiblioteki.pl\/wp-content\/uploads\/2020\/08\/Zapraszam.jpg\" alt=\"\" width=\"940\" height=\"788\" srcset=\"https:\/\/martazbiblioteki.pl\/wp-content\/uploads\/2020\/08\/Zapraszam.jpg 940w, https:\/\/martazbiblioteki.pl\/wp-content\/uploads\/2020\/08\/Zapraszam-300x251.jpg 300w, https:\/\/martazbiblioteki.pl\/wp-content\/uploads\/2020\/08\/Zapraszam-768x644.jpg 768w\" sizes=\"(max-width: 940px) 100vw, 940px\" \/><\/p>\n","protected":false},"excerpt":{"rendered":"<p>Ma\u0142ymi krokami zbli\u017ca si\u0119 jesie\u0144. Czu\u0107 to z ka\u017cdym kr\u00f3cej trwaj\u0105cym dniem. Z drzew opadaj\u0105 pierwsze li\u015bcie, ko\u0144cz\u0105 si\u0119 powoli \u017cniwa,a w powietrzu czu\u0107 koniec wakacji. Za chwil\u0119 bociany wylec\u0105 ze swoich gniazd, a my wybierzemy si\u0119 na pierwsze grzybobranie. Lubicie las? My kochamy o ka\u017cdej porze roku. Do le\u015bnych w\u0119dr\u00f3wek nie trzeba Was pewnie &hellip; <\/p>\n","protected":false},"author":1,"featured_media":0,"comment_status":"closed","ping_status":"closed","sticky":false,"template":"","format":"standard","meta":[],"categories":[4,1],"tags":[],"_links":{"self":[{"href":"https:\/\/martazbiblioteki.pl\/index.php\/wp-json\/wp\/v2\/posts\/431"}],"collection":[{"href":"https:\/\/martazbiblioteki.pl\/index.php\/wp-json\/wp\/v2\/posts"}],"about":[{"href":"https:\/\/martazbiblioteki.pl\/index.php\/wp-json\/wp\/v2\/types\/post"}],"author":[{"embeddable":true,"href":"https:\/\/martazbiblioteki.pl\/index.php\/wp-json\/wp\/v2\/users\/1"}],"replies":[{"embeddable":true,"href":"https:\/\/martazbiblioteki.pl\/index.php\/wp-json\/wp\/v2\/comments?post=431"}],"version-history":[{"count":3,"href":"https:\/\/martazbiblioteki.pl\/index.php\/wp-json\/wp\/v2\/posts\/431\/revisions"}],"predecessor-version":[{"id":444,"href":"https:\/\/martazbiblioteki.pl\/index.php\/wp-json\/wp\/v2\/posts\/431\/revisions\/444"}],"wp:attachment":[{"href":"https:\/\/martazbiblioteki.pl\/index.php\/wp-json\/wp\/v2\/media?parent=431"}],"wp:term":[{"taxonomy":"category","embeddable":true,"href":"https:\/\/martazbiblioteki.pl\/index.php\/wp-json\/wp\/v2\/categories?post=431"},{"taxonomy":"post_tag","embeddable":true,"href":"https:\/\/martazbiblioteki.pl\/index.php\/wp-json\/wp\/v2\/tags?post=431"}],"curies":[{"name":"wp","href":"https:\/\/api.w.org\/{rel}","templated":true}]}}