{"id":487,"date":"2020-12-31T11:02:23","date_gmt":"2020-12-31T10:02:23","guid":{"rendered":"http:\/\/martazbiblioteki.pl\/?p=487"},"modified":"2020-12-31T11:06:14","modified_gmt":"2020-12-31T10:06:14","slug":"nasza-ksiazka","status":"publish","type":"post","link":"https:\/\/martazbiblioteki.pl\/index.php\/2020\/12\/31\/nasza-ksiazka\/","title":{"rendered":"Nasza &#8222;Ksi\u0105\u017cka roku&#8221;"},"content":{"rendered":"<div class=\"kvgmc6g5 cxmmr5t8 oygrvhab hcukyx3x c1et5uql ii04i59q\">\n<div dir=\"auto\">To by\u0142 rok pe\u0142en dobrej literatury, kt\u00f3ra pozwala\u0142a oderwa\u0107 si\u0119 od ci\u0119\u017ckich chwil&#8230; Dawa\u0142a chwil\u0119 wytchnienia, zabiera\u0142a w inny \u015bwiat&#8230;<\/div>\n<div dir=\"auto\">Obieca\u0142am pokaza\u0107 Wam ulubion\u0105 ksi\u0105\u017ck\u0119 Hani i moj\u0105 z tego roku.<\/div>\n<div dir=\"auto\">Dla mojej prawie trzylatki ulubie\u0144cem okaza\u0142a si\u0119 Kropka i kreska Veronique Cauchy z ilustracjami Laurenta Simona Wydawnictwa KROPKA. Czytamy j\u0105 prawie codziennie. Jest to opowie\u015b\u0107 na tyle uniwersalna \u017ce mo\u017cna j\u0105 czyta\u0107 zar\u00f3wno z maluszkami jak i starszymi dzie\u0107mi i \u015bwietnie si\u0119 przy tym bawi\u0107.<\/div>\n<div dir=\"auto\">Pisa\u0142am o tym na blogu:<\/div>\n<\/div>\n<div class=\"o9v6fnle cxmmr5t8 oygrvhab hcukyx3x c1et5uql ii04i59q\">\n<div dir=\"auto\"><a class=\"oajrlxb2 g5ia77u1 qu0x051f esr5mh6w e9989ue4 r7d6kgcz rq0escxv nhd2j8a9 nc684nl6 p7hjln8o kvgmc6g5 cxmmr5t8 oygrvhab hcukyx3x jb3vyjys rz4wbd8a qt6c0cv9 a8nywdso i1ao9s8h esuyzwwr f1sip0of lzcic4wl py34i1dx gpro0wi8\" tabindex=\"0\" role=\"link\" href=\"https:\/\/martazbiblioteki.pl\/index.php\/2020\/05\/27\/kropka-i-kreska-opowiesc-uniwersalna\/?fbclid=IwAR0evyh_NB_AuxNKVAW-8Hmn48m1yptCtfCSoUqWHDYRADR_beTWISApWX8\" target=\"_blank\" rel=\"nofollow noopener noreferrer\">https:\/\/martazbiblioteki.pl\/&#8230;\/kropka-i-kreska-opowiesc&#8230;\/<\/a><\/div>\n<\/div>\n<div class=\"o9v6fnle cxmmr5t8 oygrvhab hcukyx3x c1et5uql ii04i59q\">\n<div dir=\"auto\">A mnie zauroczy\u0142a Lampka Annet Schaap. wydana przez Dwie Siostry i \u015bmia\u0142o mog\u0119 napisa\u0107 \u017ce to moja ulubiona powie\u015b\u0107 tego roku. Mo\u017ce dlatego \u017ce bardzo du\u017co w niej morza, tajemnic, przyja\u017ani i odwagi&#8230;<\/div>\n<div dir=\"auto\"><\/div>\n<div dir=\"auto\">Samych pi\u0119knych ksi\u0105\u017cek na Nowy Rok<\/div>\n<div dir=\"auto\"><\/div>\n<\/div>\n<div class=\"o9v6fnle cxmmr5t8 oygrvhab hcukyx3x c1et5uql ii04i59q\">\n<div dir=\"auto\">Do zobaczenia w bibliotece&#8230;<\/div>\n<\/div>\n<div dir=\"auto\"><img loading=\"lazy\" class=\"aligncenter wp-image-485 size-large\" src=\"https:\/\/martazbiblioteki.pl\/wp-content\/uploads\/2020\/12\/134959176_765683817677718_1831418817605127817_o-1024x768.jpg\" alt=\"\" width=\"640\" height=\"480\" srcset=\"https:\/\/martazbiblioteki.pl\/wp-content\/uploads\/2020\/12\/134959176_765683817677718_1831418817605127817_o-1024x768.jpg 1024w, https:\/\/martazbiblioteki.pl\/wp-content\/uploads\/2020\/12\/134959176_765683817677718_1831418817605127817_o-300x225.jpg 300w, https:\/\/martazbiblioteki.pl\/wp-content\/uploads\/2020\/12\/134959176_765683817677718_1831418817605127817_o-768x576.jpg 768w, https:\/\/martazbiblioteki.pl\/wp-content\/uploads\/2020\/12\/134959176_765683817677718_1831418817605127817_o.jpg 1440w\" sizes=\"(max-width: 640px) 100vw, 640px\" \/><\/div>\n","protected":false},"excerpt":{"rendered":"<p>To by\u0142 rok pe\u0142en dobrej literatury, kt\u00f3ra pozwala\u0142a oderwa\u0107 si\u0119 od ci\u0119\u017ckich chwil&#8230; Dawa\u0142a chwil\u0119 wytchnienia, zabiera\u0142a w inny \u015bwiat&#8230; Obieca\u0142am pokaza\u0107 Wam ulubion\u0105 ksi\u0105\u017ck\u0119 Hani i moj\u0105 z tego roku. Dla mojej prawie trzylatki ulubie\u0144cem okaza\u0142a si\u0119 Kropka i kreska Veronique Cauchy z ilustracjami Laurenta Simona Wydawnictwa KROPKA. Czytamy j\u0105 prawie codziennie. Jest to &hellip; <\/p>\n","protected":false},"author":1,"featured_media":0,"comment_status":"closed","ping_status":"closed","sticky":false,"template":"","format":"standard","meta":[],"categories":[1],"tags":[],"_links":{"self":[{"href":"https:\/\/martazbiblioteki.pl\/index.php\/wp-json\/wp\/v2\/posts\/487"}],"collection":[{"href":"https:\/\/martazbiblioteki.pl\/index.php\/wp-json\/wp\/v2\/posts"}],"about":[{"href":"https:\/\/martazbiblioteki.pl\/index.php\/wp-json\/wp\/v2\/types\/post"}],"author":[{"embeddable":true,"href":"https:\/\/martazbiblioteki.pl\/index.php\/wp-json\/wp\/v2\/users\/1"}],"replies":[{"embeddable":true,"href":"https:\/\/martazbiblioteki.pl\/index.php\/wp-json\/wp\/v2\/comments?post=487"}],"version-history":[{"count":2,"href":"https:\/\/martazbiblioteki.pl\/index.php\/wp-json\/wp\/v2\/posts\/487\/revisions"}],"predecessor-version":[{"id":489,"href":"https:\/\/martazbiblioteki.pl\/index.php\/wp-json\/wp\/v2\/posts\/487\/revisions\/489"}],"wp:attachment":[{"href":"https:\/\/martazbiblioteki.pl\/index.php\/wp-json\/wp\/v2\/media?parent=487"}],"wp:term":[{"taxonomy":"category","embeddable":true,"href":"https:\/\/martazbiblioteki.pl\/index.php\/wp-json\/wp\/v2\/categories?post=487"},{"taxonomy":"post_tag","embeddable":true,"href":"https:\/\/martazbiblioteki.pl\/index.php\/wp-json\/wp\/v2\/tags?post=487"}],"curies":[{"name":"wp","href":"https:\/\/api.w.org\/{rel}","templated":true}]}}