{"id":504,"date":"2021-01-16T12:00:40","date_gmt":"2021-01-16T11:00:40","guid":{"rendered":"http:\/\/martazbiblioteki.pl\/?p=504"},"modified":"2021-01-15T16:38:43","modified_gmt":"2021-01-15T15:38:43","slug":"biblioteczne-wspomnienia","status":"publish","type":"post","link":"https:\/\/martazbiblioteki.pl\/index.php\/2021\/01\/16\/biblioteczne-wspomnienia\/","title":{"rendered":"Biblioteczne wspomnienia&#8230;"},"content":{"rendered":"<p>&nbsp;<\/p>\n<p>Zdj\u0119cie bibliotecznej karty ksi\u0105\u017cki umie\u015bci\u0142am kilka dni temu na moich mediach spo\u0142eczno\u015bciowych. Zala\u0142a mnie fala wiadomo\u015bci, w kt\u00f3rych ciep\u0142o pisali\u015bcie o wspomnieniach zwi\u0105zanych z Waszym dzieci\u0144stwem sp\u0119dzonym w Bibliotece Publicznej w Obornikach. O wypo\u017cyczanych ksi\u0105\u017ckach, feriach, zaj\u0119ciach, czy godzinach sp\u0119dzonych na graniu\u00a0 w plansz\u00f3wki. Najbardziej rozczuli\u0142a mnie wiadomo\u015b\u0107 od jednej ze znajomych, kt\u00f3ra w domu bawi\u0142a si\u0119 w bibliotekark\u0119. A Wy bawili\u015bcie si\u0119 w bibliotek\u0119? A mo\u017ce Wasze dzieciaki si\u0119 bawi\u0105?<\/p>\n<p>&nbsp;<\/p>\n<p>Te wiadomo\u015bci sprawi\u0142y, \u017ce sama wr\u00f3ci\u0142am do wspomnie\u0144 zwi\u0105zanych z moim dzieci\u0144stwem. Mia\u0142am 5 lat gdy zosta\u0142am czytelniczk\u0105 biblioteki w kt\u00f3rej dzisiaj pracuj\u0119. Do pracy przyucza\u0142y mnie panie bibliotekarki, kt\u00f3re podziwia\u0142am gdy by\u0142am dzieciakiem. Wypo\u017cycza\u0142am mas\u0119 ksi\u0105\u017cek, bra\u0142am udzia\u0142 w organizowanych przez bibliotek\u0119 feriach. W czytelni czyta\u0142am \u015awierszczyka, a potem odrabia\u0142am lekcje. Biblioteka zawsze by\u0142a miejscem spotka\u0144 z przyjaci\u00f3\u0142mi, kolegami.<\/p>\n<p>&nbsp;<\/p>\n<p>&nbsp;<\/p>\n<p><img loading=\"lazy\" class=\"aligncenter wp-image-502 size-large\" src=\"https:\/\/martazbiblioteki.pl\/wp-content\/uploads\/2021\/01\/IMG_20210107_151046-768x1024.jpg\" alt=\"\" width=\"640\" height=\"853\" srcset=\"https:\/\/martazbiblioteki.pl\/wp-content\/uploads\/2021\/01\/IMG_20210107_151046-768x1024.jpg 768w, https:\/\/martazbiblioteki.pl\/wp-content\/uploads\/2021\/01\/IMG_20210107_151046-225x300.jpg 225w, https:\/\/martazbiblioteki.pl\/wp-content\/uploads\/2021\/01\/IMG_20210107_151046-1152x1536.jpg 1152w, https:\/\/martazbiblioteki.pl\/wp-content\/uploads\/2021\/01\/IMG_20210107_151046-1536x2048.jpg 1536w, https:\/\/martazbiblioteki.pl\/wp-content\/uploads\/2021\/01\/IMG_20210107_151046-scaled.jpg 1920w\" sizes=\"(max-width: 640px) 100vw, 640px\" \/><\/p>\n<p>&nbsp;<\/p>\n<p>I patrz\u0105c w przesz\u0142o\u015b\u0107 widz\u0119, \u017ce na naszych p\u00f3\u0142kach mimo up\u0142ywu czasu, mo\u017cna znale\u017a\u0107 jeszcze\u00a0ksi\u0105\u017cki, kt\u00f3re czyta\u0142am w m\u0142odo\u015bci. Oto kilka z nich:<\/p>\n<p>&nbsp;<\/p>\n<p>&nbsp;<\/p>\n<figure id=\"attachment_503\" aria-describedby=\"caption-attachment-503\" style=\"width: 640px\" class=\"wp-caption aligncenter\"><img loading=\"lazy\" class=\"wp-image-503 size-large\" src=\"https:\/\/martazbiblioteki.pl\/wp-content\/uploads\/2021\/01\/IMG_20210112_102157-768x1024.jpg\" alt=\"\" width=\"640\" height=\"853\" srcset=\"https:\/\/martazbiblioteki.pl\/wp-content\/uploads\/2021\/01\/IMG_20210112_102157-768x1024.jpg 768w, https:\/\/martazbiblioteki.pl\/wp-content\/uploads\/2021\/01\/IMG_20210112_102157-225x300.jpg 225w, https:\/\/martazbiblioteki.pl\/wp-content\/uploads\/2021\/01\/IMG_20210112_102157-1152x1536.jpg 1152w, https:\/\/martazbiblioteki.pl\/wp-content\/uploads\/2021\/01\/IMG_20210112_102157-1536x2048.jpg 1536w, https:\/\/martazbiblioteki.pl\/wp-content\/uploads\/2021\/01\/IMG_20210112_102157-scaled.jpg 1920w\" sizes=\"(max-width: 640px) 100vw, 640px\" \/><figcaption id=\"caption-attachment-503\" class=\"wp-caption-text\">A. Lindgren- Ronja c\u00f3rka rozb\u00f3jnika<\/figcaption><\/figure>\n<p>&nbsp;<\/p>\n<p>&nbsp;<\/p>\n<p>&nbsp;<\/p>\n<figure id=\"attachment_501\" aria-describedby=\"caption-attachment-501\" style=\"width: 640px\" class=\"wp-caption aligncenter\"><img loading=\"lazy\" class=\"wp-image-501 size-large\" src=\"https:\/\/martazbiblioteki.pl\/wp-content\/uploads\/2021\/01\/IMG_20210107_145505-768x1024.jpg\" alt=\"\" width=\"640\" height=\"853\" srcset=\"https:\/\/martazbiblioteki.pl\/wp-content\/uploads\/2021\/01\/IMG_20210107_145505-768x1024.jpg 768w, https:\/\/martazbiblioteki.pl\/wp-content\/uploads\/2021\/01\/IMG_20210107_145505-225x300.jpg 225w, https:\/\/martazbiblioteki.pl\/wp-content\/uploads\/2021\/01\/IMG_20210107_145505-1152x1536.jpg 1152w, https:\/\/martazbiblioteki.pl\/wp-content\/uploads\/2021\/01\/IMG_20210107_145505-1536x2048.jpg 1536w, https:\/\/martazbiblioteki.pl\/wp-content\/uploads\/2021\/01\/IMG_20210107_145505-scaled.jpg 1920w\" sizes=\"(max-width: 640px) 100vw, 640px\" \/><figcaption id=\"caption-attachment-501\" class=\"wp-caption-text\">A. Onichimowska- Samotne wyspy i storczyk<\/figcaption><\/figure>\n<p>&nbsp;<\/p>\n<figure id=\"attachment_500\" aria-describedby=\"caption-attachment-500\" style=\"width: 640px\" class=\"wp-caption aligncenter\"><img loading=\"lazy\" class=\"wp-image-500 size-large\" src=\"https:\/\/martazbiblioteki.pl\/wp-content\/uploads\/2021\/01\/IMG_20210107_145423-768x1024.jpg\" alt=\"\" width=\"640\" height=\"853\" srcset=\"https:\/\/martazbiblioteki.pl\/wp-content\/uploads\/2021\/01\/IMG_20210107_145423-768x1024.jpg 768w, https:\/\/martazbiblioteki.pl\/wp-content\/uploads\/2021\/01\/IMG_20210107_145423-225x300.jpg 225w, https:\/\/martazbiblioteki.pl\/wp-content\/uploads\/2021\/01\/IMG_20210107_145423-1152x1536.jpg 1152w, https:\/\/martazbiblioteki.pl\/wp-content\/uploads\/2021\/01\/IMG_20210107_145423-1536x2048.jpg 1536w, https:\/\/martazbiblioteki.pl\/wp-content\/uploads\/2021\/01\/IMG_20210107_145423-scaled.jpg 1920w\" sizes=\"(max-width: 640px) 100vw, 640px\" \/><figcaption id=\"caption-attachment-500\" class=\"wp-caption-text\">Le\u015bny ludek i skrzaty<\/figcaption><\/figure>\n<figure id=\"attachment_499\" aria-describedby=\"caption-attachment-499\" style=\"width: 640px\" class=\"wp-caption aligncenter\"><img loading=\"lazy\" class=\"wp-image-499 size-large\" src=\"https:\/\/martazbiblioteki.pl\/wp-content\/uploads\/2021\/01\/IMG_20210107_145414-768x1024.jpg\" alt=\"\" width=\"640\" height=\"853\" srcset=\"https:\/\/martazbiblioteki.pl\/wp-content\/uploads\/2021\/01\/IMG_20210107_145414-768x1024.jpg 768w, https:\/\/martazbiblioteki.pl\/wp-content\/uploads\/2021\/01\/IMG_20210107_145414-225x300.jpg 225w, https:\/\/martazbiblioteki.pl\/wp-content\/uploads\/2021\/01\/IMG_20210107_145414-1152x1536.jpg 1152w, https:\/\/martazbiblioteki.pl\/wp-content\/uploads\/2021\/01\/IMG_20210107_145414-1536x2048.jpg 1536w, https:\/\/martazbiblioteki.pl\/wp-content\/uploads\/2021\/01\/IMG_20210107_145414-scaled.jpg 1920w\" sizes=\"(max-width: 640px) 100vw, 640px\" \/><figcaption id=\"caption-attachment-499\" class=\"wp-caption-text\">J. Spyri- Heidi<\/figcaption><\/figure>\n<p>&nbsp;<\/p>\n<figure id=\"attachment_498\" aria-describedby=\"caption-attachment-498\" style=\"width: 640px\" class=\"wp-caption aligncenter\"><img loading=\"lazy\" class=\"wp-image-498 size-large\" src=\"https:\/\/martazbiblioteki.pl\/wp-content\/uploads\/2021\/01\/IMG_20210107_145401-768x1024.jpg\" alt=\"\" width=\"640\" height=\"853\" srcset=\"https:\/\/martazbiblioteki.pl\/wp-content\/uploads\/2021\/01\/IMG_20210107_145401-768x1024.jpg 768w, https:\/\/martazbiblioteki.pl\/wp-content\/uploads\/2021\/01\/IMG_20210107_145401-225x300.jpg 225w, https:\/\/martazbiblioteki.pl\/wp-content\/uploads\/2021\/01\/IMG_20210107_145401-1152x1536.jpg 1152w, https:\/\/martazbiblioteki.pl\/wp-content\/uploads\/2021\/01\/IMG_20210107_145401-1536x2048.jpg 1536w, https:\/\/martazbiblioteki.pl\/wp-content\/uploads\/2021\/01\/IMG_20210107_145401-scaled.jpg 1920w\" sizes=\"(max-width: 640px) 100vw, 640px\" \/><figcaption id=\"caption-attachment-498\" class=\"wp-caption-text\">W poszukiwaniu wielkiej doliny<\/figcaption><\/figure>\n<p>&nbsp;<\/p>\n<figure id=\"attachment_497\" aria-describedby=\"caption-attachment-497\" style=\"width: 640px\" class=\"wp-caption aligncenter\"><img loading=\"lazy\" class=\"wp-image-497 size-large\" src=\"https:\/\/martazbiblioteki.pl\/wp-content\/uploads\/2021\/01\/IMG_20210107_145351-768x1024.jpg\" alt=\"\" width=\"640\" height=\"853\" srcset=\"https:\/\/martazbiblioteki.pl\/wp-content\/uploads\/2021\/01\/IMG_20210107_145351-768x1024.jpg 768w, https:\/\/martazbiblioteki.pl\/wp-content\/uploads\/2021\/01\/IMG_20210107_145351-225x300.jpg 225w, https:\/\/martazbiblioteki.pl\/wp-content\/uploads\/2021\/01\/IMG_20210107_145351-1152x1536.jpg 1152w, https:\/\/martazbiblioteki.pl\/wp-content\/uploads\/2021\/01\/IMG_20210107_145351-1536x2048.jpg 1536w, https:\/\/martazbiblioteki.pl\/wp-content\/uploads\/2021\/01\/IMG_20210107_145351-scaled.jpg 1920w\" sizes=\"(max-width: 640px) 100vw, 640px\" \/><figcaption id=\"caption-attachment-497\" class=\"wp-caption-text\">Seria Poczytaj mi mamo M. Musierowicz- Kredki\/ Co mam<\/figcaption><\/figure>\n<p>&nbsp;<\/p>\n<figure id=\"attachment_496\" aria-describedby=\"caption-attachment-496\" style=\"width: 640px\" class=\"wp-caption aligncenter\"><img loading=\"lazy\" class=\"wp-image-496 size-large\" src=\"https:\/\/martazbiblioteki.pl\/wp-content\/uploads\/2021\/01\/IMG_20210107_145220-768x1024.jpg\" alt=\"\" width=\"640\" height=\"853\" srcset=\"https:\/\/martazbiblioteki.pl\/wp-content\/uploads\/2021\/01\/IMG_20210107_145220-768x1024.jpg 768w, https:\/\/martazbiblioteki.pl\/wp-content\/uploads\/2021\/01\/IMG_20210107_145220-225x300.jpg 225w, https:\/\/martazbiblioteki.pl\/wp-content\/uploads\/2021\/01\/IMG_20210107_145220-1152x1536.jpg 1152w, https:\/\/martazbiblioteki.pl\/wp-content\/uploads\/2021\/01\/IMG_20210107_145220-1536x2048.jpg 1536w, https:\/\/martazbiblioteki.pl\/wp-content\/uploads\/2021\/01\/IMG_20210107_145220-scaled.jpg 1920w\" sizes=\"(max-width: 640px) 100vw, 640px\" \/><figcaption id=\"caption-attachment-496\" class=\"wp-caption-text\">K. Siesicka- Zapa\u0142ka na zakr\u0119cie<\/figcaption><\/figure>\n<p>&nbsp;<\/p>\n<figure id=\"attachment_494\" aria-describedby=\"caption-attachment-494\" style=\"width: 640px\" class=\"wp-caption aligncenter\"><img loading=\"lazy\" class=\"wp-image-494 size-large\" src=\"https:\/\/martazbiblioteki.pl\/wp-content\/uploads\/2021\/01\/IMG_20210107_145206-768x1024.jpg\" alt=\"\" width=\"640\" height=\"853\" srcset=\"https:\/\/martazbiblioteki.pl\/wp-content\/uploads\/2021\/01\/IMG_20210107_145206-768x1024.jpg 768w, https:\/\/martazbiblioteki.pl\/wp-content\/uploads\/2021\/01\/IMG_20210107_145206-225x300.jpg 225w, https:\/\/martazbiblioteki.pl\/wp-content\/uploads\/2021\/01\/IMG_20210107_145206-1152x1536.jpg 1152w, https:\/\/martazbiblioteki.pl\/wp-content\/uploads\/2021\/01\/IMG_20210107_145206-1536x2048.jpg 1536w, https:\/\/martazbiblioteki.pl\/wp-content\/uploads\/2021\/01\/IMG_20210107_145206-scaled.jpg 1920w\" sizes=\"(max-width: 640px) 100vw, 640px\" \/><figcaption id=\"caption-attachment-494\" class=\"wp-caption-text\">Harcerki 1939-1945 relacje-pami\u0119tniki<\/figcaption><\/figure>\n<p>&nbsp;<\/p>\n<figure id=\"attachment_493\" aria-describedby=\"caption-attachment-493\" style=\"width: 640px\" class=\"wp-caption aligncenter\"><img loading=\"lazy\" class=\"wp-image-493 size-large\" src=\"https:\/\/martazbiblioteki.pl\/wp-content\/uploads\/2021\/01\/IMG_20210107_145158-768x1024.jpg\" alt=\"\" width=\"640\" height=\"853\" srcset=\"https:\/\/martazbiblioteki.pl\/wp-content\/uploads\/2021\/01\/IMG_20210107_145158-768x1024.jpg 768w, https:\/\/martazbiblioteki.pl\/wp-content\/uploads\/2021\/01\/IMG_20210107_145158-225x300.jpg 225w, https:\/\/martazbiblioteki.pl\/wp-content\/uploads\/2021\/01\/IMG_20210107_145158-1152x1536.jpg 1152w, https:\/\/martazbiblioteki.pl\/wp-content\/uploads\/2021\/01\/IMG_20210107_145158-1536x2048.jpg 1536w, https:\/\/martazbiblioteki.pl\/wp-content\/uploads\/2021\/01\/IMG_20210107_145158-scaled.jpg 1920w\" sizes=\"(max-width: 640px) 100vw, 640px\" \/><figcaption id=\"caption-attachment-493\" class=\"wp-caption-text\">S.Creech- Absolutnie zwyczajny chaos<\/figcaption><\/figure>\n<p>&nbsp;<\/p>\n<figure id=\"attachment_492\" aria-describedby=\"caption-attachment-492\" style=\"width: 640px\" class=\"wp-caption aligncenter\"><img loading=\"lazy\" class=\"wp-image-492 size-large\" src=\"https:\/\/martazbiblioteki.pl\/wp-content\/uploads\/2021\/01\/IMG_20210107_145152-768x1024.jpg\" alt=\"\" width=\"640\" height=\"853\" srcset=\"https:\/\/martazbiblioteki.pl\/wp-content\/uploads\/2021\/01\/IMG_20210107_145152-768x1024.jpg 768w, https:\/\/martazbiblioteki.pl\/wp-content\/uploads\/2021\/01\/IMG_20210107_145152-225x300.jpg 225w, https:\/\/martazbiblioteki.pl\/wp-content\/uploads\/2021\/01\/IMG_20210107_145152-1152x1536.jpg 1152w, https:\/\/martazbiblioteki.pl\/wp-content\/uploads\/2021\/01\/IMG_20210107_145152-1536x2048.jpg 1536w, https:\/\/martazbiblioteki.pl\/wp-content\/uploads\/2021\/01\/IMG_20210107_145152-scaled.jpg 1920w\" sizes=\"(max-width: 640px) 100vw, 640px\" \/><figcaption id=\"caption-attachment-492\" class=\"wp-caption-text\">Seria Tak \u017cyli ludzie- W czasach podboju&#8230;<\/figcaption><\/figure>\n<p>&nbsp;<\/p>\n<figure id=\"attachment_491\" aria-describedby=\"caption-attachment-491\" style=\"width: 640px\" class=\"wp-caption aligncenter\"><img loading=\"lazy\" class=\"wp-image-491 size-large\" src=\"https:\/\/martazbiblioteki.pl\/wp-content\/uploads\/2021\/01\/IMG_20210107_145141-768x1024.jpg\" alt=\"\" width=\"640\" height=\"853\" srcset=\"https:\/\/martazbiblioteki.pl\/wp-content\/uploads\/2021\/01\/IMG_20210107_145141-768x1024.jpg 768w, https:\/\/martazbiblioteki.pl\/wp-content\/uploads\/2021\/01\/IMG_20210107_145141-225x300.jpg 225w, https:\/\/martazbiblioteki.pl\/wp-content\/uploads\/2021\/01\/IMG_20210107_145141-1152x1536.jpg 1152w, https:\/\/martazbiblioteki.pl\/wp-content\/uploads\/2021\/01\/IMG_20210107_145141-1536x2048.jpg 1536w, https:\/\/martazbiblioteki.pl\/wp-content\/uploads\/2021\/01\/IMG_20210107_145141-scaled.jpg 1920w\" sizes=\"(max-width: 640px) 100vw, 640px\" \/><figcaption id=\"caption-attachment-491\" class=\"wp-caption-text\">Od wiosny do wiosny&#8230;<\/figcaption><\/figure>\n<p>&nbsp;<\/p>\n<p>Pami\u0119tacie te ksi\u0105\u017cki? A mo\u017ce wypo\u017cyczali\u015bcie je w swoich bibliotekach?<\/p>\n<p>Zapraszam Was do naszej biblioteki. Oczywi\u015bcie znajdziecie tu te\u017c nowo\u015bci dla ca\u0142ej rodziny.<\/p>\n<p>A ten ma\u0142y powr\u00f3t do przesz\u0142o\u015bci sprawi\u0142 mi ogromn\u0105 frajd\u0119.<\/p>\n<p>Jeszcze raz dzi\u0119kuj\u0119 za wszystkie Wasze wiadomo\u015bci i do zobaczenia w bibliotece<\/p>\n","protected":false},"excerpt":{"rendered":"<p>&nbsp; Zdj\u0119cie bibliotecznej karty ksi\u0105\u017cki umie\u015bci\u0142am kilka dni temu na moich mediach spo\u0142eczno\u015bciowych. Zala\u0142a mnie fala wiadomo\u015bci, w kt\u00f3rych ciep\u0142o pisali\u015bcie o wspomnieniach zwi\u0105zanych z Waszym dzieci\u0144stwem sp\u0119dzonym w Bibliotece Publicznej w Obornikach. O wypo\u017cyczanych ksi\u0105\u017ckach, feriach, zaj\u0119ciach, czy godzinach sp\u0119dzonych na graniu\u00a0 w plansz\u00f3wki. Najbardziej rozczuli\u0142a mnie wiadomo\u015b\u0107 od jednej ze znajomych, kt\u00f3ra w &hellip; <\/p>\n","protected":false},"author":1,"featured_media":0,"comment_status":"closed","ping_status":"closed","sticky":false,"template":"","format":"standard","meta":[],"categories":[5,4,1],"tags":[],"_links":{"self":[{"href":"https:\/\/martazbiblioteki.pl\/index.php\/wp-json\/wp\/v2\/posts\/504"}],"collection":[{"href":"https:\/\/martazbiblioteki.pl\/index.php\/wp-json\/wp\/v2\/posts"}],"about":[{"href":"https:\/\/martazbiblioteki.pl\/index.php\/wp-json\/wp\/v2\/types\/post"}],"author":[{"embeddable":true,"href":"https:\/\/martazbiblioteki.pl\/index.php\/wp-json\/wp\/v2\/users\/1"}],"replies":[{"embeddable":true,"href":"https:\/\/martazbiblioteki.pl\/index.php\/wp-json\/wp\/v2\/comments?post=504"}],"version-history":[{"count":1,"href":"https:\/\/martazbiblioteki.pl\/index.php\/wp-json\/wp\/v2\/posts\/504\/revisions"}],"predecessor-version":[{"id":505,"href":"https:\/\/martazbiblioteki.pl\/index.php\/wp-json\/wp\/v2\/posts\/504\/revisions\/505"}],"wp:attachment":[{"href":"https:\/\/martazbiblioteki.pl\/index.php\/wp-json\/wp\/v2\/media?parent=504"}],"wp:term":[{"taxonomy":"category","embeddable":true,"href":"https:\/\/martazbiblioteki.pl\/index.php\/wp-json\/wp\/v2\/categories?post=504"},{"taxonomy":"post_tag","embeddable":true,"href":"https:\/\/martazbiblioteki.pl\/index.php\/wp-json\/wp\/v2\/tags?post=504"}],"curies":[{"name":"wp","href":"https:\/\/api.w.org\/{rel}","templated":true}]}}