{"id":509,"date":"2021-02-08T16:00:27","date_gmt":"2021-02-08T15:00:27","guid":{"rendered":"http:\/\/martazbiblioteki.pl\/?p=509"},"modified":"2021-02-08T17:05:34","modified_gmt":"2021-02-08T16:05:34","slug":"walentynki-tak-czy-nie","status":"publish","type":"post","link":"https:\/\/martazbiblioteki.pl\/index.php\/2021\/02\/08\/walentynki-tak-czy-nie\/","title":{"rendered":"Walentynki? Tak czy nie?"},"content":{"rendered":"<p>Za kilka dni rozpocznie si\u0119 odliczanie do \u015bwi\u0119ta zakochanych, kt\u00f3re ma swoich gor\u0105cych zwolennik\u00f3w ale te\u017c przeciwnik\u00f3w. Przecie\u017c kocha si\u0119 ca\u0142y rok, prawda?<\/p>\n<p>Prawda, prawda ale ka\u017cde \u015bwi\u0119to mo\u017ce by\u0107 pretekstem do sp\u0119dzenia mi\u0142ych chwil, nawet gdy pandemia nie odpuszcza.<\/p>\n<p>Przygotowa\u0142am dla Was plansze. Mog\u0105 pos\u0142u\u017cy\u0107 Wam\u00a0 przy kawie z przyjaci\u00f3\u0142k\u0105, kolacji z ukochanym, czy czasie sp\u0119dzonym z dzie\u0107mi.<\/p>\n<p>Na pierwszej planszy wypisujecie swoje ulubione ksi\u0105\u017cki o mi\u0142o\u015bci\u00a0 na drugiej ulubione filmy o mi\u0142o\u015bci, a na trzeciej piosenki.<\/p>\n<p>Mo\u017cecie udost\u0119pnia\u0107 plansze na swoich Stories, ale te\u017c drukowa\u0107 je i powiela\u0107.<\/p>\n<p>Nie martwcie si\u0119 mo\u017cecie bawi\u0107 si\u0119 te\u017c z dzie\u0107mi i wybiera\u0107 w pami\u0119ci w\u015br\u00f3d wielu ksi\u0105\u017cek i film\u00f3w przeznaczonych w\u0142a\u015bnie dla nich. Kto z nas nie zna animacji Walta Disneya? Czy te\u017c wzruszali\u015bcie si\u0119 ogl\u0105daj\u0105c Kr\u00f3la lwa czy Zakochanego kundla? A mo\u017ce jeste\u015bcie fanami Coco i Mulan?<\/p>\n<p>&nbsp;<\/p>\n<p>Bo przecie\u017c z mi\u0142o\u015bci\u0105 jest jak z dobr\u0105 ksi\u0105\u017ck\u0105- ma wiele odcieni.<\/p>\n<p>&nbsp;<\/p>\n<p><img loading=\"lazy\" class=\"aligncenter wp-image-508 size-large\" src=\"https:\/\/martazbiblioteki.pl\/wp-content\/uploads\/2021\/02\/Rozowa-To-Czy-Tamto-Moda-Interaktywna-Relacja-na-Instagram-576x1024.jpg\" alt=\"\" width=\"576\" height=\"1024\" srcset=\"https:\/\/martazbiblioteki.pl\/wp-content\/uploads\/2021\/02\/Rozowa-To-Czy-Tamto-Moda-Interaktywna-Relacja-na-Instagram-576x1024.jpg 576w, https:\/\/martazbiblioteki.pl\/wp-content\/uploads\/2021\/02\/Rozowa-To-Czy-Tamto-Moda-Interaktywna-Relacja-na-Instagram-169x300.jpg 169w, https:\/\/martazbiblioteki.pl\/wp-content\/uploads\/2021\/02\/Rozowa-To-Czy-Tamto-Moda-Interaktywna-Relacja-na-Instagram-768x1365.jpg 768w, https:\/\/martazbiblioteki.pl\/wp-content\/uploads\/2021\/02\/Rozowa-To-Czy-Tamto-Moda-Interaktywna-Relacja-na-Instagram-864x1536.jpg 864w, https:\/\/martazbiblioteki.pl\/wp-content\/uploads\/2021\/02\/Rozowa-To-Czy-Tamto-Moda-Interaktywna-Relacja-na-Instagram.jpg 1080w\" sizes=\"(max-width: 576px) 100vw, 576px\" \/><\/p>\n<p>&nbsp;<\/p>\n<p>&nbsp;<\/p>\n<p><img loading=\"lazy\" class=\"aligncenter wp-image-507 size-large\" src=\"https:\/\/martazbiblioteki.pl\/wp-content\/uploads\/2021\/02\/Rozowa-To-Czy-Tamto-Moda-Interaktywna-Relacja-na-Instagram-1-576x1024.jpg\" alt=\"\" width=\"576\" height=\"1024\" srcset=\"https:\/\/martazbiblioteki.pl\/wp-content\/uploads\/2021\/02\/Rozowa-To-Czy-Tamto-Moda-Interaktywna-Relacja-na-Instagram-1-576x1024.jpg 576w, https:\/\/martazbiblioteki.pl\/wp-content\/uploads\/2021\/02\/Rozowa-To-Czy-Tamto-Moda-Interaktywna-Relacja-na-Instagram-1-169x300.jpg 169w, https:\/\/martazbiblioteki.pl\/wp-content\/uploads\/2021\/02\/Rozowa-To-Czy-Tamto-Moda-Interaktywna-Relacja-na-Instagram-1-768x1365.jpg 768w, https:\/\/martazbiblioteki.pl\/wp-content\/uploads\/2021\/02\/Rozowa-To-Czy-Tamto-Moda-Interaktywna-Relacja-na-Instagram-1-864x1536.jpg 864w, https:\/\/martazbiblioteki.pl\/wp-content\/uploads\/2021\/02\/Rozowa-To-Czy-Tamto-Moda-Interaktywna-Relacja-na-Instagram-1.jpg 1080w\" sizes=\"(max-width: 576px) 100vw, 576px\" \/><\/p>\n<p>&nbsp;<\/p>\n<p><img loading=\"lazy\" class=\"aligncenter wp-image-516 size-large\" src=\"https:\/\/martazbiblioteki.pl\/wp-content\/uploads\/2021\/02\/Rozowa-To-Czy-Tamto-Moda-Interaktywna-Relacja-na-Instagram-1-1-576x1024.jpg\" alt=\"\" width=\"576\" height=\"1024\" srcset=\"https:\/\/martazbiblioteki.pl\/wp-content\/uploads\/2021\/02\/Rozowa-To-Czy-Tamto-Moda-Interaktywna-Relacja-na-Instagram-1-1-576x1024.jpg 576w, https:\/\/martazbiblioteki.pl\/wp-content\/uploads\/2021\/02\/Rozowa-To-Czy-Tamto-Moda-Interaktywna-Relacja-na-Instagram-1-1-169x300.jpg 169w, https:\/\/martazbiblioteki.pl\/wp-content\/uploads\/2021\/02\/Rozowa-To-Czy-Tamto-Moda-Interaktywna-Relacja-na-Instagram-1-1-768x1365.jpg 768w, https:\/\/martazbiblioteki.pl\/wp-content\/uploads\/2021\/02\/Rozowa-To-Czy-Tamto-Moda-Interaktywna-Relacja-na-Instagram-1-1-864x1536.jpg 864w, https:\/\/martazbiblioteki.pl\/wp-content\/uploads\/2021\/02\/Rozowa-To-Czy-Tamto-Moda-Interaktywna-Relacja-na-Instagram-1-1.jpg 1080w\" sizes=\"(max-width: 576px) 100vw, 576px\" \/><\/p>\n<p>&nbsp;<\/p>\n<p>&nbsp;<\/p>\n<p>Mi\u0142ej zabawy&#8230;<\/p>\n<p>Z walentynkowym ca\u0142usem<\/p>\n<p>Marta z biblioteki<\/p>\n<p>&nbsp;<\/p>\n","protected":false},"excerpt":{"rendered":"<p>Za kilka dni rozpocznie si\u0119 odliczanie do \u015bwi\u0119ta zakochanych, kt\u00f3re ma swoich gor\u0105cych zwolennik\u00f3w ale te\u017c przeciwnik\u00f3w. Przecie\u017c kocha si\u0119 ca\u0142y rok, prawda? Prawda, prawda ale ka\u017cde \u015bwi\u0119to mo\u017ce by\u0107 pretekstem do sp\u0119dzenia mi\u0142ych chwil, nawet gdy pandemia nie odpuszcza. Przygotowa\u0142am dla Was plansze. Mog\u0105 pos\u0142u\u017cy\u0107 Wam\u00a0 przy kawie z przyjaci\u00f3\u0142k\u0105, kolacji z ukochanym, czy &hellip; <\/p>\n","protected":false},"author":1,"featured_media":0,"comment_status":"closed","ping_status":"closed","sticky":false,"template":"","format":"standard","meta":[],"categories":[5,4,1],"tags":[],"_links":{"self":[{"href":"https:\/\/martazbiblioteki.pl\/index.php\/wp-json\/wp\/v2\/posts\/509"}],"collection":[{"href":"https:\/\/martazbiblioteki.pl\/index.php\/wp-json\/wp\/v2\/posts"}],"about":[{"href":"https:\/\/martazbiblioteki.pl\/index.php\/wp-json\/wp\/v2\/types\/post"}],"author":[{"embeddable":true,"href":"https:\/\/martazbiblioteki.pl\/index.php\/wp-json\/wp\/v2\/users\/1"}],"replies":[{"embeddable":true,"href":"https:\/\/martazbiblioteki.pl\/index.php\/wp-json\/wp\/v2\/comments?post=509"}],"version-history":[{"count":6,"href":"https:\/\/martazbiblioteki.pl\/index.php\/wp-json\/wp\/v2\/posts\/509\/revisions"}],"predecessor-version":[{"id":517,"href":"https:\/\/martazbiblioteki.pl\/index.php\/wp-json\/wp\/v2\/posts\/509\/revisions\/517"}],"wp:attachment":[{"href":"https:\/\/martazbiblioteki.pl\/index.php\/wp-json\/wp\/v2\/media?parent=509"}],"wp:term":[{"taxonomy":"category","embeddable":true,"href":"https:\/\/martazbiblioteki.pl\/index.php\/wp-json\/wp\/v2\/categories?post=509"},{"taxonomy":"post_tag","embeddable":true,"href":"https:\/\/martazbiblioteki.pl\/index.php\/wp-json\/wp\/v2\/tags?post=509"}],"curies":[{"name":"wp","href":"https:\/\/api.w.org\/{rel}","templated":true}]}}