{"id":520,"date":"2021-03-03T07:23:52","date_gmt":"2021-03-03T06:23:52","guid":{"rendered":"http:\/\/martazbiblioteki.pl\/?p=520"},"modified":"2021-03-01T21:33:49","modified_gmt":"2021-03-01T20:33:49","slug":"swiatowy-dzien-pisarzy-i-pisarek","status":"publish","type":"post","link":"https:\/\/martazbiblioteki.pl\/index.php\/2021\/03\/03\/swiatowy-dzien-pisarzy-i-pisarek\/","title":{"rendered":"\u015awiatowy Dzie\u0144 Pisarzy i Pisarek"},"content":{"rendered":"<p>3 marca to wyj\u0105tkowe \u015bwi\u0119to-\u015awiatowy Dzie\u0144 Pisarzy i Pisarek<\/p>\n<p>&nbsp;<\/p>\n<p>Z tej okazji zapraszam Was do zabawy.<\/p>\n<p>&nbsp;<\/p>\n<p>Przygotowa\u0142am Quizy:<\/p>\n<p>Waszym zadaniem jest dopasowanie postaci literackiej do jej autora.<\/p>\n<p>Powodzenia \ud83d\ude42<\/p>\n<p>Quiz doro\u015bli:<\/p>\n<p><a href=\"https:\/\/forms.gle\/jJbjPR1bNSk2Sx2q8\">https:\/\/forms.gle\/jJbjPR1bNSk2Sx2q8<\/a><\/p>\n<p>Quiz dzieci i m\u0142odzie\u017cy:<\/p>\n<p><a href=\"https:\/\/forms.gle\/meoFytRCJmVDXGQ38\">https:\/\/forms.gle\/meoFytRCJmVDXGQ38<\/a><\/p>\n<p>&nbsp;<\/p>\n<p><img loading=\"lazy\" class=\"aligncenter wp-image-519 size-full\" src=\"https:\/\/martazbiblioteki.pl\/wp-content\/uploads\/2021\/03\/Kawa-Post-na-Facebooku.jpg\" alt=\"\" width=\"940\" height=\"788\" srcset=\"https:\/\/martazbiblioteki.pl\/wp-content\/uploads\/2021\/03\/Kawa-Post-na-Facebooku.jpg 940w, https:\/\/martazbiblioteki.pl\/wp-content\/uploads\/2021\/03\/Kawa-Post-na-Facebooku-300x251.jpg 300w, https:\/\/martazbiblioteki.pl\/wp-content\/uploads\/2021\/03\/Kawa-Post-na-Facebooku-768x644.jpg 768w\" sizes=\"(max-width: 940px) 100vw, 940px\" \/><\/p>\n","protected":false},"excerpt":{"rendered":"<p>3 marca to wyj\u0105tkowe \u015bwi\u0119to-\u015awiatowy Dzie\u0144 Pisarzy i Pisarek &nbsp; Z tej okazji zapraszam Was do zabawy. &nbsp; Przygotowa\u0142am Quizy: Waszym zadaniem jest dopasowanie postaci literackiej do jej autora. Powodzenia \ud83d\ude42 Quiz doro\u015bli: https:\/\/forms.gle\/jJbjPR1bNSk2Sx2q8 Quiz dzieci i m\u0142odzie\u017cy: https:\/\/forms.gle\/meoFytRCJmVDXGQ38 &nbsp;<\/p>\n","protected":false},"author":1,"featured_media":0,"comment_status":"closed","ping_status":"closed","sticky":false,"template":"","format":"standard","meta":[],"categories":[5,4,1],"tags":[],"_links":{"self":[{"href":"https:\/\/martazbiblioteki.pl\/index.php\/wp-json\/wp\/v2\/posts\/520"}],"collection":[{"href":"https:\/\/martazbiblioteki.pl\/index.php\/wp-json\/wp\/v2\/posts"}],"about":[{"href":"https:\/\/martazbiblioteki.pl\/index.php\/wp-json\/wp\/v2\/types\/post"}],"author":[{"embeddable":true,"href":"https:\/\/martazbiblioteki.pl\/index.php\/wp-json\/wp\/v2\/users\/1"}],"replies":[{"embeddable":true,"href":"https:\/\/martazbiblioteki.pl\/index.php\/wp-json\/wp\/v2\/comments?post=520"}],"version-history":[{"count":1,"href":"https:\/\/martazbiblioteki.pl\/index.php\/wp-json\/wp\/v2\/posts\/520\/revisions"}],"predecessor-version":[{"id":521,"href":"https:\/\/martazbiblioteki.pl\/index.php\/wp-json\/wp\/v2\/posts\/520\/revisions\/521"}],"wp:attachment":[{"href":"https:\/\/martazbiblioteki.pl\/index.php\/wp-json\/wp\/v2\/media?parent=520"}],"wp:term":[{"taxonomy":"category","embeddable":true,"href":"https:\/\/martazbiblioteki.pl\/index.php\/wp-json\/wp\/v2\/categories?post=520"},{"taxonomy":"post_tag","embeddable":true,"href":"https:\/\/martazbiblioteki.pl\/index.php\/wp-json\/wp\/v2\/tags?post=520"}],"curies":[{"name":"wp","href":"https:\/\/api.w.org\/{rel}","templated":true}]}}