{"id":579,"date":"2021-08-03T13:34:23","date_gmt":"2021-08-03T11:34:23","guid":{"rendered":"https:\/\/martazbiblioteki.pl\/?p=579"},"modified":"2021-08-11T11:03:26","modified_gmt":"2021-08-11T09:03:26","slug":"pierwszy-raz","status":"publish","type":"post","link":"https:\/\/martazbiblioteki.pl\/index.php\/2021\/08\/03\/pierwszy-raz\/","title":{"rendered":"Pierwszy raz&#8230;"},"content":{"rendered":"<p>Wakacje na p\u00f3\u0142metku&#8230; Niekt\u00f3rzy ju\u017c kompletuj\u0105 wyprawki dla swoich dzieci. Inni nie my\u015bl\u0105 jeszcze, \u017ce za cztery tygodnie rozpocznie si\u0119 kolejny rok szkolny. Jaki b\u0119dzie nie wiemy. Wiemy za to, \u017ce dla wielu dzieci b\u0119dzie to pierwszy rok w \u017c\u0142obku, przedszkolu czy w szkole. Dlatego przygotowa\u0142am dla Was ksi\u0105\u017cki o tej tematyce. Wszystkie mo\u017cna wypo\u017cyczy\u0107 w naszej bibliotece. A je\u015bli nie pochodzicie z mojego miasta na pewno w swoich bibliotekach znajdziecie wiele z nich. Nauka to przygoda do kt\u00f3rej zaproszenie znajdziecie w tych ksi\u0105\u017ckach.<\/p>\n<ol>\n<li>Rok w przedszkolu- P. Liput wyd. Nasza Ksi\u0119garnia<\/li>\n<li>Przedszkolaki z ulicy Morelowej- B. Gawryluk wyd. Literatura<\/li>\n<li>Tosia i Julek id\u0105 do przedszkola- M. Bo\u0107ko- Mysiorska wyd. Dwukropek<\/li>\n<li>Jab\u0142ko i mi\u0119ta w przedszkolu- K. \u015amigielska wyd. Alegoria<\/li>\n<li>S\u0142oni\u0105tko Tr\u0105bi\u0105tko w przedszkolu- S. Rennta wyd. Amber<\/li>\n<li>Tupcio Chrupcio przedszkolak na medal- E. Piotrowska wyd. Wilga<\/li>\n<li>Pierwszy dzie\u0144 w przedszkolu- J. Bednarek, M. Kurczewska wyd. Nasza Ksi\u0119garnia<\/li>\n<li>Zuzia \u015bpi w przedszkolu- L. Schneider wyd. Media Rodzina<\/li>\n<li>Kicia Kocia w przedszkolu- A. G\u0142owi\u0144ska wyd. Media Rodzina<\/li>\n<li>M. Kownacka- Weso\u0142e przedszkole wyd. Siedmior\u00f3g<\/li>\n<li>Felu\u015b i Gucio id\u0105 do przedszkola- K. Koz\u0142owska wyd. Nasza Ksi\u0119garnia<\/li>\n<li>Mi\u015b Tulis idzie do przedszkola- D. Melling wyd. Amber<\/li>\n<li>Mysia w przedszkolu- L. Cousins wyd. Dwie Siostry<\/li>\n<li>Co si\u0119 sta\u0142o z Albertem- G. Bergstrom wyd. Zakamarki<\/li>\n<li>Przedszkoludki- A. Fr\u0105czek wyd. Bis<\/li>\n<li>Ja te\u017c chc\u0119 chodzi\u0107 do szko\u0142y- A. Lindgren wyd. Zakamarki<\/li>\n<li>Basia i przedszkole- Z. Stanecka wy. Egmont<\/li>\n<li>Seria Harry Potter- J. K Rowling wyd. Media Rodzina<\/li>\n<\/ol>\n<p>&nbsp;<\/p>\n<p>&nbsp;<\/p>\n<p>&nbsp;<\/p>\n<p>&nbsp;<\/p>\n<p>&nbsp;<\/p>\n<p><img loading=\"lazy\" class=\"aligncenter wp-image-577 size-large\" src=\"https:\/\/martazbiblioteki.pl\/wp-content\/uploads\/2021\/08\/IMG_20210803_104815-768x1024.jpg\" alt=\"\" width=\"640\" height=\"853\" srcset=\"https:\/\/martazbiblioteki.pl\/wp-content\/uploads\/2021\/08\/IMG_20210803_104815-768x1024.jpg 768w, https:\/\/martazbiblioteki.pl\/wp-content\/uploads\/2021\/08\/IMG_20210803_104815-225x300.jpg 225w, https:\/\/martazbiblioteki.pl\/wp-content\/uploads\/2021\/08\/IMG_20210803_104815-1152x1536.jpg 1152w, https:\/\/martazbiblioteki.pl\/wp-content\/uploads\/2021\/08\/IMG_20210803_104815-1536x2048.jpg 1536w, https:\/\/martazbiblioteki.pl\/wp-content\/uploads\/2021\/08\/IMG_20210803_104815-scaled.jpg 1920w\" sizes=\"(max-width: 640px) 100vw, 640px\" \/><\/p>\n<p>&nbsp;<\/p>\n<p>&nbsp;<\/p>\n<p>&nbsp;<\/p>\n<p>&nbsp;<\/p>\n<p>&nbsp;<\/p>\n<p>&nbsp;<\/p>\n<p><img loading=\"lazy\" class=\"aligncenter wp-image-575 size-large\" src=\"https:\/\/martazbiblioteki.pl\/wp-content\/uploads\/2021\/08\/IMG_20210803_103753-768x1024.jpg\" alt=\"\" width=\"640\" height=\"853\" srcset=\"https:\/\/martazbiblioteki.pl\/wp-content\/uploads\/2021\/08\/IMG_20210803_103753-768x1024.jpg 768w, https:\/\/martazbiblioteki.pl\/wp-content\/uploads\/2021\/08\/IMG_20210803_103753-225x300.jpg 225w, https:\/\/martazbiblioteki.pl\/wp-content\/uploads\/2021\/08\/IMG_20210803_103753-1152x1536.jpg 1152w, https:\/\/martazbiblioteki.pl\/wp-content\/uploads\/2021\/08\/IMG_20210803_103753-1536x2048.jpg 1536w, https:\/\/martazbiblioteki.pl\/wp-content\/uploads\/2021\/08\/IMG_20210803_103753-scaled.jpg 1920w\" sizes=\"(max-width: 640px) 100vw, 640px\" \/><\/p>\n<p>&nbsp;<\/p>\n<p>&nbsp;<\/p>\n<p>Mam te\u017c propozycj\u0119 dla starszych czytelnik\u00f3w. Dwie s\u0142odko- gorzkie ksi\u0105\u017cki o szkole. <em><strong>Cud ch\u0142opak R. J Palacio<\/strong> <\/em>opowiada histori\u0119 Augusta, ch\u0142opca, kt\u00f3ry urodzi\u0142 si\u0119 ze zmutowanym genem, przez co ma zdeformowan\u0105 twarz. Ch\u0142opiec przeszed\u0142 w swoim \u017cyciu wiele operacji. Dotychczas uczy\u0142 si\u0119 w domu, przy wsparciu rodzic\u00f3w i siostry. Jednak przyszed\u0142 czas na rozpocz\u0119cie nauki w szkole. Kontakt z r\u00f3wie\u015bnikami odmieni Augusta ale czy tylko jego? Przekonacie si\u0119 si\u0119gaj\u0105c po t\u0119 pi\u0119kn\u0105 ksi\u0105\u017ck\u0119.<\/p>\n<p><em><strong>7 dni Eve Ainsworth<\/strong><\/em> to z kolei opowie\u015b\u0107 dw\u00f3ch dziewczynach Jess i Kez. Jedna z nich jest oprawc\u0105 druga ofiar\u0105, a ksi\u0105\u017cka pisana jest z perspektywy obu bohaterek. Wydarzenia rozgrywaj\u0105 si\u0119 w ich szkole w ci\u0105gu tylko jednego tygodnia&#8230;Jeden tydzie\u0144 kt\u00f3ry zmieni \u017cycie.<\/p>\n<p>&nbsp;<\/p>\n<p><img loading=\"lazy\" class=\"aligncenter wp-image-578 size-large\" src=\"https:\/\/martazbiblioteki.pl\/wp-content\/uploads\/2021\/08\/IMG_20210803_130908-768x1024.jpg\" alt=\"\" width=\"640\" height=\"853\" srcset=\"https:\/\/martazbiblioteki.pl\/wp-content\/uploads\/2021\/08\/IMG_20210803_130908-768x1024.jpg 768w, https:\/\/martazbiblioteki.pl\/wp-content\/uploads\/2021\/08\/IMG_20210803_130908-225x300.jpg 225w, https:\/\/martazbiblioteki.pl\/wp-content\/uploads\/2021\/08\/IMG_20210803_130908-1152x1536.jpg 1152w, https:\/\/martazbiblioteki.pl\/wp-content\/uploads\/2021\/08\/IMG_20210803_130908-1536x2048.jpg 1536w, https:\/\/martazbiblioteki.pl\/wp-content\/uploads\/2021\/08\/IMG_20210803_130908-scaled.jpg 1920w\" sizes=\"(max-width: 640px) 100vw, 640px\" \/><\/p>\n","protected":false},"excerpt":{"rendered":"<p>Wakacje na p\u00f3\u0142metku&#8230; Niekt\u00f3rzy ju\u017c kompletuj\u0105 wyprawki dla swoich dzieci. Inni nie my\u015bl\u0105 jeszcze, \u017ce za cztery tygodnie rozpocznie si\u0119 kolejny rok szkolny. Jaki b\u0119dzie nie wiemy. Wiemy za to, \u017ce dla wielu dzieci b\u0119dzie to pierwszy rok w \u017c\u0142obku, przedszkolu czy w szkole. Dlatego przygotowa\u0142am dla Was ksi\u0105\u017cki o tej tematyce. Wszystkie mo\u017cna wypo\u017cyczy\u0107 &hellip; <\/p>\n","protected":false},"author":1,"featured_media":0,"comment_status":"closed","ping_status":"closed","sticky":false,"template":"","format":"standard","meta":[],"categories":[4,1],"tags":[],"_links":{"self":[{"href":"https:\/\/martazbiblioteki.pl\/index.php\/wp-json\/wp\/v2\/posts\/579"}],"collection":[{"href":"https:\/\/martazbiblioteki.pl\/index.php\/wp-json\/wp\/v2\/posts"}],"about":[{"href":"https:\/\/martazbiblioteki.pl\/index.php\/wp-json\/wp\/v2\/types\/post"}],"author":[{"embeddable":true,"href":"https:\/\/martazbiblioteki.pl\/index.php\/wp-json\/wp\/v2\/users\/1"}],"replies":[{"embeddable":true,"href":"https:\/\/martazbiblioteki.pl\/index.php\/wp-json\/wp\/v2\/comments?post=579"}],"version-history":[{"count":4,"href":"https:\/\/martazbiblioteki.pl\/index.php\/wp-json\/wp\/v2\/posts\/579\/revisions"}],"predecessor-version":[{"id":589,"href":"https:\/\/martazbiblioteki.pl\/index.php\/wp-json\/wp\/v2\/posts\/579\/revisions\/589"}],"wp:attachment":[{"href":"https:\/\/martazbiblioteki.pl\/index.php\/wp-json\/wp\/v2\/media?parent=579"}],"wp:term":[{"taxonomy":"category","embeddable":true,"href":"https:\/\/martazbiblioteki.pl\/index.php\/wp-json\/wp\/v2\/categories?post=579"},{"taxonomy":"post_tag","embeddable":true,"href":"https:\/\/martazbiblioteki.pl\/index.php\/wp-json\/wp\/v2\/tags?post=579"}],"curies":[{"name":"wp","href":"https:\/\/api.w.org\/{rel}","templated":true}]}}