{"id":58,"date":"2018-11-14T16:14:27","date_gmt":"2018-11-14T15:14:27","guid":{"rendered":"http:\/\/martazbiblioteki.pl\/?p=58"},"modified":"2018-11-15T18:20:15","modified_gmt":"2018-11-15T17:20:15","slug":"jestem-marta","status":"publish","type":"post","link":"https:\/\/martazbiblioteki.pl\/index.php\/2018\/11\/14\/jestem-marta\/","title":{"rendered":"Jestem Marta z biblioteki"},"content":{"rendered":"<p style=\"text-align: center;\">Na pewno znacie historie Piotrusia Pana i Wandy z powie\u015bci J.M Barriego.<br \/>\nMieli swoj\u0105 Nibylandi\u0119 w kt\u00f3rej prze\u017cyli mn\u00f3stwo przyg\u00f3d. Niestety Wanda opu\u015bci\u0142a bajkow\u0105 krain\u0119<br \/>\ntak jak my opuszczamy bezpieczne mury dzieci\u0144stwa. A ja mam to szcz\u0119\u015bcie, \u017ce posiadam w\u0142asn\u0105<br \/>\nNibylandi\u0119. Od dziesi\u0119ciu lat pracuj\u0119 w Bibliotece Publicznej w Obornikach, w\u015br\u00f3d bohater\u00f3w ksi\u0105\u017cek,<br \/>\ngdzie zara\u017cam mi\u0142o\u015bci\u0105 do czytania dzieci, m\u0142odzie\u017c, a czasem tak\u017ce doros\u0142ych.<br \/>\nW styczniu zosta\u0142am mam\u0105 ma\u0142ej Hani. Razem wyruszymy w niejedn\u0105 czytelnicz\u0105 podr\u00f3\u017c.<br \/>\nJestem Marta z biblioteki i zapraszam Was do mojego \u015bwiata. Wejd\u017acie do niego i zosta\u0144cie ze mn\u0105 na d\u0142u\u017cej.<\/p>\n<p>&nbsp;<\/p>\n<p style=\"text-align: center;\"><img loading=\"lazy\" class=\"alignnone size-medium wp-image-28\" src=\"https:\/\/martazbiblioteki.pl\/wp-content\/uploads\/2018\/11\/04-300x300.jpg\" alt=\"\" width=\"300\" height=\"300\" srcset=\"https:\/\/martazbiblioteki.pl\/wp-content\/uploads\/2018\/11\/04-300x300.jpg 300w, https:\/\/martazbiblioteki.pl\/wp-content\/uploads\/2018\/11\/04-150x150.jpg 150w, https:\/\/martazbiblioteki.pl\/wp-content\/uploads\/2018\/11\/04-768x768.jpg 768w, https:\/\/martazbiblioteki.pl\/wp-content\/uploads\/2018\/11\/04-1024x1024.jpg 1024w, https:\/\/martazbiblioteki.pl\/wp-content\/uploads\/2018\/11\/04.jpg 1080w\" sizes=\"(max-width: 300px) 100vw, 300px\" \/><\/p>\n","protected":false},"excerpt":{"rendered":"<p>Na pewno znacie historie Piotrusia Pana i Wandy z powie\u015bci J.M Barriego. Mieli swoj\u0105 Nibylandi\u0119 w kt\u00f3rej prze\u017cyli mn\u00f3stwo przyg\u00f3d. Niestety Wanda opu\u015bci\u0142a bajkow\u0105 krain\u0119 tak jak my opuszczamy bezpieczne mury dzieci\u0144stwa. A ja mam to szcz\u0119\u015bcie, \u017ce posiadam w\u0142asn\u0105 Nibylandi\u0119. Od dziesi\u0119ciu lat pracuj\u0119 w Bibliotece Publicznej w Obornikach, w\u015br\u00f3d bohater\u00f3w ksi\u0105\u017cek, gdzie zara\u017cam &hellip; <\/p>\n","protected":false},"author":1,"featured_media":0,"comment_status":"open","ping_status":"open","sticky":false,"template":"","format":"standard","meta":[],"categories":[5,4,1],"tags":[],"_links":{"self":[{"href":"https:\/\/martazbiblioteki.pl\/index.php\/wp-json\/wp\/v2\/posts\/58"}],"collection":[{"href":"https:\/\/martazbiblioteki.pl\/index.php\/wp-json\/wp\/v2\/posts"}],"about":[{"href":"https:\/\/martazbiblioteki.pl\/index.php\/wp-json\/wp\/v2\/types\/post"}],"author":[{"embeddable":true,"href":"https:\/\/martazbiblioteki.pl\/index.php\/wp-json\/wp\/v2\/users\/1"}],"replies":[{"embeddable":true,"href":"https:\/\/martazbiblioteki.pl\/index.php\/wp-json\/wp\/v2\/comments?post=58"}],"version-history":[{"count":6,"href":"https:\/\/martazbiblioteki.pl\/index.php\/wp-json\/wp\/v2\/posts\/58\/revisions"}],"predecessor-version":[{"id":67,"href":"https:\/\/martazbiblioteki.pl\/index.php\/wp-json\/wp\/v2\/posts\/58\/revisions\/67"}],"wp:attachment":[{"href":"https:\/\/martazbiblioteki.pl\/index.php\/wp-json\/wp\/v2\/media?parent=58"}],"wp:term":[{"taxonomy":"category","embeddable":true,"href":"https:\/\/martazbiblioteki.pl\/index.php\/wp-json\/wp\/v2\/categories?post=58"},{"taxonomy":"post_tag","embeddable":true,"href":"https:\/\/martazbiblioteki.pl\/index.php\/wp-json\/wp\/v2\/tags?post=58"}],"curies":[{"name":"wp","href":"https:\/\/api.w.org\/{rel}","templated":true}]}}