{"id":680,"date":"2022-02-12T14:30:22","date_gmt":"2022-02-12T13:30:22","guid":{"rendered":"https:\/\/martazbiblioteki.pl\/?p=680"},"modified":"2022-02-12T14:28:58","modified_gmt":"2022-02-12T13:28:58","slug":"walentynkowy-prezent-dla-was","status":"publish","type":"post","link":"https:\/\/martazbiblioteki.pl\/index.php\/2022\/02\/12\/walentynkowy-prezent-dla-was\/","title":{"rendered":"Walentynkowy prezent dla Was"},"content":{"rendered":"<p>Oddaj\u0119 dzisiaj w Wasze r\u0119ce jedno z wielu moich opowiada\u0144. Te bardzo kr\u00f3tkie historie przychodz\u0105 do mnie a ich bohaterowie mimo, \u017ce fikcyjni zajmuj\u0105 wyj\u0105tkowe miejsce w moim sercu. Mam nadziej\u0119, \u017ce przypadnie Wam do gustu. Poznajcie historie Anny i Tomasza&#8230;<\/p>\n<p>&nbsp;<\/p>\n<p>&nbsp;<\/p>\n<p><img loading=\"lazy\" class=\"aligncenter wp-image-679 size-large\" src=\"https:\/\/martazbiblioteki.pl\/wp-content\/uploads\/2022\/02\/Ciemnozielona-i-Miedziana-Roslinny-Wzor-Vintage-Okladka-eBooka-642x1024.jpg\" alt=\"\" width=\"640\" height=\"1021\" srcset=\"https:\/\/martazbiblioteki.pl\/wp-content\/uploads\/2022\/02\/Ciemnozielona-i-Miedziana-Roslinny-Wzor-Vintage-Okladka-eBooka-642x1024.jpg 642w, https:\/\/martazbiblioteki.pl\/wp-content\/uploads\/2022\/02\/Ciemnozielona-i-Miedziana-Roslinny-Wzor-Vintage-Okladka-eBooka-188x300.jpg 188w, https:\/\/martazbiblioteki.pl\/wp-content\/uploads\/2022\/02\/Ciemnozielona-i-Miedziana-Roslinny-Wzor-Vintage-Okladka-eBooka-768x1226.jpg 768w, https:\/\/martazbiblioteki.pl\/wp-content\/uploads\/2022\/02\/Ciemnozielona-i-Miedziana-Roslinny-Wzor-Vintage-Okladka-eBooka-963x1536.jpg 963w, https:\/\/martazbiblioteki.pl\/wp-content\/uploads\/2022\/02\/Ciemnozielona-i-Miedziana-Roslinny-Wzor-Vintage-Okladka-eBooka-1283x2048.jpg 1283w, https:\/\/martazbiblioteki.pl\/wp-content\/uploads\/2022\/02\/Ciemnozielona-i-Miedziana-Roslinny-Wzor-Vintage-Okladka-eBooka.jpg 1410w\" sizes=\"(max-width: 640px) 100vw, 640px\" \/><\/p>\n<p>&nbsp;<\/p>\n<p style=\"text-align: left;\">Tomasz wr\u00f3ci\u0142 do miejsca, w kt\u00f3rym wszystko si\u0119 zacz\u0119\u0142o. Popatrzy\u0142 na sw\u00f3j pusty, rodzinny dom i ruszy\u0142 w stron\u0119 sosnowego lasu. Mia\u0142 du\u017co czasu. Nikt na niego nie czeka\u0142. Rodzice zgin\u0119li a brat zosta\u0142 we Francji. Z fotografi\u0105 Anny w r\u0119ku szed\u0142 w stron\u0119 pla\u017cy. Obiecali sobie, \u017ce je\u015bli rozdzieli ich wojna odnajd\u0105 si\u0119. Wierzyli, \u017ce ich mi\u0142o\u015b\u0107 jest tak silna, \u017ce pokona \u015bmier\u0107. Ju\u017c poczu\u0142 w piersiach s\u0142one powietrze i przypomnia\u0142 sobie wsp\u00f3lne spacery po pla\u017cy, kt\u00f3re dawa\u0142y im nadziej\u0119. Nadziej\u0119 na wsp\u00f3lne \u017cycie. Fale Ba\u0142tyku nios\u0142y ich \u015bmiech, a wiatr rozwiewa\u0142 poca\u0142unki. Nie m\u00f3g\u0142 uwierzy\u0107, \u017ce od tych beztroskich dni dzieli go dziesi\u0119\u0107 d\u0142ugich lat. Szuka\u0142 jej wsz\u0119dzie. Przecie\u017c obieca\u0142. To przez niego zgin\u0119li sobie z oczu.<\/p>\n<p style=\"text-align: left;\">Trwa\u0142o Powstanie&#8230; Anna by\u0142a sanitariuszk\u0105. Szpital polowy p\u0119ka\u0142 w szwach. Tomasz dosta\u0142 rozkaz. Musia\u0142 i\u015b\u0107 broni\u0107 ostatniej barykady. Wr\u00f3ci\u0142 ci\u0119\u017cko ranny ale Anny ju\u017c nie by\u0142o. M\u00f3wili mu, \u017ce przeniesiono j\u0105 w inne miejsce. Martwi\u0142 si\u0119 ale wierzy\u0142, \u017ce b\u0119d\u0105 razem. Gdy sko\u0144czy\u0142a si\u0119 wojna szuka\u0142 jej wsz\u0119dzie. Rozwiesza\u0142 kartki na murach. Szuka\u0142 jej nawet przez Czerwony Krzy\u017c. Ilu ludzi si\u0119 tak odnalaz\u0142o. Ile rodzin po\u0142\u0105czy\u0142o&#8230;Tomasz pragn\u0105\u0142 by\u0107 z Ann\u0105. Jednak powoli traci\u0142 nadziej\u0119. Mija\u0142y lata, a po ukochanej nie by\u0142o \u015bladu. Postanowi\u0142 wr\u00f3ci\u0107 do swojej nadmorskiej wioski. Szed\u0142 pla\u017c\u0105 zadaj\u0105c sobie pytanie: Gdzie jeste\u015b moja Anno?<\/p>\n<p style=\"text-align: center;\">&#8230;&#8230;<\/p>\n<p>&#8222;Mi\u0142o\u015b\u0107 ci wszystko wybaczy&#8221;&#8230; Melodia p\u0142yn\u0119\u0142a z radia. Anna spojrza\u0142a w okno. Jedna, jedyna \u0142za sp\u0142yn\u0119\u0142a po jej policzku.<\/p>\n<p>&#8211; Mamo dlaczego p\u0142aczesz?- zapyta\u0142a ma\u0142a dziewczynka.<\/p>\n<p>&#8211; Nie p\u0142acz\u0119 kochanie- odpowiedzia\u0142a- Po prostu co\u015b mi si\u0119 przypomnia\u0142o.<\/p>\n<p>Tomasz. Pierwsza mi\u0142o\u015b\u0107, kt\u00f3ra odesz\u0142a&#8230;<\/p>\n<p>&#8211; Wszystko przez wojn\u0119- pomy\u015bla\u0142a Anna. I przypomnia\u0142a sobie dzie\u0144 w kt\u00f3rym przybieg\u0142a do niej kole\u017canka, \u0142\u0105czniczka.<\/p>\n<p>&#8211; Tomek nie \u017cyje&#8230;- powiedzia\u0142a.- Zgin\u0105\u0142 broni\u0105c barykady.<\/p>\n<p>&#8211; To na pewno pomy\u0142ka- p\u0142aka\u0142a Anna.<\/p>\n<p>&#8211; \u017badna pomy\u0142ka- odpowiedzia\u0142a kole\u017canka- Wszyscy zgin\u0119li. Ch\u0142opcy z innego batalionu mi powiedzieli.<\/p>\n<p>Anna nie pami\u0119ta\u0142a jak dotrwa\u0142a do ko\u0144ca wojny. Chcia\u0142a z\u0142o\u017cy\u0107 kwiaty na grobie Tomasza ale nie wiedzia\u0142a gdzie zosta\u0142 pochowany. Wojenny chaos i rozpacz sprawi\u0142y, \u017ce nie umia\u0142a tego grobu poszuka\u0107&#8230;Nie wr\u00f3ci\u0142a te\u017c do rodzinnej wioski. Nie umia\u0142aby \u017cy\u0107 tam bez niego&#8230; Min\u0119\u0142y lata&#8230;<\/p>\n<p>I tylko czasem Anna zastanawia si\u0119 jak wygl\u0105da\u0142oby jej \u017cycie, gdyby mog\u0142a sp\u0119dzi\u0107 je ze swoj\u0105 m\u0142odzie\u0144cz\u0105 mi\u0142o\u015bci\u0105.<\/p>\n<p>&nbsp;<\/p>\n<p>&nbsp;<\/p>\n","protected":false},"excerpt":{"rendered":"<p>Oddaj\u0119 dzisiaj w Wasze r\u0119ce jedno z wielu moich opowiada\u0144. Te bardzo kr\u00f3tkie historie przychodz\u0105 do mnie a ich bohaterowie mimo, \u017ce fikcyjni zajmuj\u0105 wyj\u0105tkowe miejsce w moim sercu. Mam nadziej\u0119, \u017ce przypadnie Wam do gustu. Poznajcie historie Anny i Tomasza&#8230; &nbsp; &nbsp; &nbsp; Tomasz wr\u00f3ci\u0142 do miejsca, w kt\u00f3rym wszystko si\u0119 zacz\u0119\u0142o. Popatrzy\u0142 na &hellip; <\/p>\n","protected":false},"author":1,"featured_media":0,"comment_status":"closed","ping_status":"closed","sticky":false,"template":"","format":"standard","meta":[],"categories":[5,1],"tags":[],"_links":{"self":[{"href":"https:\/\/martazbiblioteki.pl\/index.php\/wp-json\/wp\/v2\/posts\/680"}],"collection":[{"href":"https:\/\/martazbiblioteki.pl\/index.php\/wp-json\/wp\/v2\/posts"}],"about":[{"href":"https:\/\/martazbiblioteki.pl\/index.php\/wp-json\/wp\/v2\/types\/post"}],"author":[{"embeddable":true,"href":"https:\/\/martazbiblioteki.pl\/index.php\/wp-json\/wp\/v2\/users\/1"}],"replies":[{"embeddable":true,"href":"https:\/\/martazbiblioteki.pl\/index.php\/wp-json\/wp\/v2\/comments?post=680"}],"version-history":[{"count":2,"href":"https:\/\/martazbiblioteki.pl\/index.php\/wp-json\/wp\/v2\/posts\/680\/revisions"}],"predecessor-version":[{"id":682,"href":"https:\/\/martazbiblioteki.pl\/index.php\/wp-json\/wp\/v2\/posts\/680\/revisions\/682"}],"wp:attachment":[{"href":"https:\/\/martazbiblioteki.pl\/index.php\/wp-json\/wp\/v2\/media?parent=680"}],"wp:term":[{"taxonomy":"category","embeddable":true,"href":"https:\/\/martazbiblioteki.pl\/index.php\/wp-json\/wp\/v2\/categories?post=680"},{"taxonomy":"post_tag","embeddable":true,"href":"https:\/\/martazbiblioteki.pl\/index.php\/wp-json\/wp\/v2\/tags?post=680"}],"curies":[{"name":"wp","href":"https:\/\/api.w.org\/{rel}","templated":true}]}}