{"id":69,"date":"2018-11-19T11:14:10","date_gmt":"2018-11-19T10:14:10","guid":{"rendered":"http:\/\/martazbiblioteki.pl\/?p=69"},"modified":"2018-11-19T11:14:10","modified_gmt":"2018-11-19T10:14:10","slug":"czytamy-od-urodzenia","status":"publish","type":"post","link":"https:\/\/martazbiblioteki.pl\/index.php\/2018\/11\/19\/czytamy-od-urodzenia\/","title":{"rendered":"Czytamy od urodzenia"},"content":{"rendered":"<p>Na wst\u0119pie musz\u0119 Wam przyzna\u0107, \u017ce moje dziecko zanim jeszcze przysz\u0142o na \u015bwiat mia\u0142o pot\u0119\u017cn\u0105 kolekcj\u0119 ksi\u0105\u017cek.<br \/>\nTo oczywi\u015bcie za spraw\u0105 mojej pracy, licznych spotka\u0144 autorskich, jakie odbywa\u0142y si\u0119 w naszej bibliotece, cz\u0119stych szkole\u0144 i wizyt na targach ksi\u0105\u017cki.<\/p>\n<p>Gdy zosta\u0142am mam\u0105 chcia\u0142am czyta\u0107 mojej c\u00f3rce od urodzenia. Mia\u0142am obawy, czy mi si\u0119 to uda. Okaza\u0142o si\u0119, \u017ce pocz\u0105tkowo nie by\u0142o to trudne. Hania gdy nie spa\u0142a s\u0142ucha\u0142a wierszyk\u00f3w, piosenek, a nawet czytanych przeze mnie opowiada\u0144. W czasie usypiania przypomnia\u0142am sobie utwory skrywane w najg\u0142\u0119bszych zakamarkach pami\u0119ci.<\/p>\n<p>W miar\u0119 jak Hania ros\u0142a czytanie stawa\u0142o si\u0119 trudniejsze. Z dnia na dzie\u0144 moja c\u00f3rka by\u0142a coraz bardziej aktywna.Koniecznie chcia\u0142a trzyma\u0107 w r\u0105czkach wszystko co znajdowa\u0142o si\u0119 w zasi\u0119gu jej wzroku. Zainwestowa\u0142am wtedy w kartonowe ksi\u0105\u017cki kontrastowe (stymuluj\u0105ce wzrok) ale te\u017c w gumowe ksi\u0105\u017ceczki. Hania mog\u0142a je dotyka\u0107, gnie\u015b\u0107 i bra\u0107 do buzi do woli. Jednak nigdy nie bawi\u0142a si\u0119 nimi w czasie k\u0105pieli. Dzi\u0119ki tym zabawom moja c\u00f3rka nauczy\u0142a si\u0119 przewraca\u0107 &#8222;strony&#8221; i skupi\u0107 uwag\u0119 na kr\u00f3tkim tek\u015bcie najlepiej rymowanym.<\/p>\n<p>Niezawodn\u0105 pomoc\u0105 sta\u0142a si\u0119 dla mnie <strong>&#8222;Pierwsza ksi\u0105\u017cka mojego dziecka&#8221;<\/strong> wydana przez fundacje ABCXXI Ca\u0142a Polska czyta dzieciom. Na naszej p\u00f3\u0142ce ma specjalne miejsce. Zawarte s\u0105 w niej nie tylko wiersze ale te\u017c porady dla rodzic\u00f3w. Bardzo cz\u0119sto po ni\u0105 si\u0119gam.<\/p>\n<p>&nbsp;<\/p>\n<p><img loading=\"lazy\" class=\"size-medium wp-image-70\" src=\"https:\/\/martazbiblioteki.pl\/wp-content\/uploads\/2018\/11\/to-1-300x199.jpg\" alt=\"\" width=\"300\" height=\"199\" srcset=\"https:\/\/martazbiblioteki.pl\/wp-content\/uploads\/2018\/11\/to-1-300x199.jpg 300w, https:\/\/martazbiblioteki.pl\/wp-content\/uploads\/2018\/11\/to-1-768x509.jpg 768w, https:\/\/martazbiblioteki.pl\/wp-content\/uploads\/2018\/11\/to-1-1024x679.jpg 1024w\" sizes=\"(max-width: 300px) 100vw, 300px\" \/><\/p>\n<p><img loading=\"lazy\" class=\"size-medium wp-image-71\" src=\"https:\/\/martazbiblioteki.pl\/wp-content\/uploads\/2018\/11\/to-2-300x199.jpg\" alt=\"\" width=\"300\" height=\"199\" srcset=\"https:\/\/martazbiblioteki.pl\/wp-content\/uploads\/2018\/11\/to-2-300x199.jpg 300w, https:\/\/martazbiblioteki.pl\/wp-content\/uploads\/2018\/11\/to-2-768x509.jpg 768w, https:\/\/martazbiblioteki.pl\/wp-content\/uploads\/2018\/11\/to-2-1024x679.jpg 1024w\" sizes=\"(max-width: 300px) 100vw, 300px\" \/><\/p>\n<p><img loading=\"lazy\" class=\"size-medium wp-image-72\" src=\"https:\/\/martazbiblioteki.pl\/wp-content\/uploads\/2018\/11\/to-3-300x199.jpg\" alt=\"\" width=\"300\" height=\"199\" srcset=\"https:\/\/martazbiblioteki.pl\/wp-content\/uploads\/2018\/11\/to-3-300x199.jpg 300w, https:\/\/martazbiblioteki.pl\/wp-content\/uploads\/2018\/11\/to-3-768x509.jpg 768w, https:\/\/martazbiblioteki.pl\/wp-content\/uploads\/2018\/11\/to-3-1024x679.jpg 1024w\" sizes=\"(max-width: 300px) 100vw, 300px\" \/><\/p>\n<p>Teraz Hania ma 10 miesi\u0119cy. Zdarzaj\u0105 si\u0119 dni, gdy od czytania ksi\u0105\u017cek woli ich &#8222;badanie&#8221;. Staram si\u0119 jej wtedy opowiada\u0107 r\u00f3\u017cne historie,\u015bpiewa\u0107, rymowa\u0107. Mam nadziej\u0119, \u017ce przyjdzie kiedy\u015b taki dzie\u0144, kiedy c\u00f3rka przybiegnie do mnie z ksi\u0105\u017ck\u0105 i powie: &#8222;Mamo poczytaj&#8221;&#8230;<\/p>\n<p style=\"text-align: left;\">\nCzego \u017cycz\u0119 te\u017c Wam i Waszym dzieciom.<\/p>\n<p>&nbsp;<\/p>\n<p>Polecam ksi\u0105\u017cki:<br \/>\n1. Pierwsza ksi\u0105\u017cka mojego dziecka (Fundacja ABCXXI Ca\u0142a Polska czyta dzieciom)<br \/>\n2. Ksi\u0119ga ryk\u00f3w- Soledad Bravi (Wyd. Dwie Siostry)<br \/>\n3. Seria Ela i Olek- Catarina Kruusval (Wyd. Zakamarki)<br \/>\n4. Pierwsza ksi\u0105\u017cka dla noworodk\u00f3w i niemowl\u0105t- Katsumi Komagata (Wyd. Wytw\u00f3rnia)<br \/>\n5. Raz dwa trzy patrzymy- Joanna Bartosik (Wyd. Wytw\u00f3rnia)<br \/>\n6. Raz dwa trzy s\u0142yszymy- Joanna Bartosik (Wyd. Wytw\u00f3rnia)<br \/>\n7. Raz dwa trzy m\u00f3wimy- Joanna Bartosik (Wyd. Wytw\u00f3rnia)<br \/>\n8. Seria Kicia Kocia i Nunu\u015b- Anita G\u0142owi\u0144ska (Wyd. Media Rodzina)<br \/>\n9. Wszelkiego rodzaju ksi\u0105\u017cki kontrastowe<\/p>\n","protected":false},"excerpt":{"rendered":"<p>Na wst\u0119pie musz\u0119 Wam przyzna\u0107, \u017ce moje dziecko zanim jeszcze przysz\u0142o na \u015bwiat mia\u0142o pot\u0119\u017cn\u0105 kolekcj\u0119 ksi\u0105\u017cek. To oczywi\u015bcie za spraw\u0105 mojej pracy, licznych spotka\u0144 autorskich, jakie odbywa\u0142y si\u0119 w naszej bibliotece, cz\u0119stych szkole\u0144 i wizyt na targach ksi\u0105\u017cki. Gdy zosta\u0142am mam\u0105 chcia\u0142am czyta\u0107 mojej c\u00f3rce od urodzenia. Mia\u0142am obawy, czy mi si\u0119 to uda. &hellip; <\/p>\n","protected":false},"author":1,"featured_media":0,"comment_status":"open","ping_status":"open","sticky":false,"template":"","format":"standard","meta":[],"categories":[4,1],"tags":[],"_links":{"self":[{"href":"https:\/\/martazbiblioteki.pl\/index.php\/wp-json\/wp\/v2\/posts\/69"}],"collection":[{"href":"https:\/\/martazbiblioteki.pl\/index.php\/wp-json\/wp\/v2\/posts"}],"about":[{"href":"https:\/\/martazbiblioteki.pl\/index.php\/wp-json\/wp\/v2\/types\/post"}],"author":[{"embeddable":true,"href":"https:\/\/martazbiblioteki.pl\/index.php\/wp-json\/wp\/v2\/users\/1"}],"replies":[{"embeddable":true,"href":"https:\/\/martazbiblioteki.pl\/index.php\/wp-json\/wp\/v2\/comments?post=69"}],"version-history":[{"count":2,"href":"https:\/\/martazbiblioteki.pl\/index.php\/wp-json\/wp\/v2\/posts\/69\/revisions"}],"predecessor-version":[{"id":74,"href":"https:\/\/martazbiblioteki.pl\/index.php\/wp-json\/wp\/v2\/posts\/69\/revisions\/74"}],"wp:attachment":[{"href":"https:\/\/martazbiblioteki.pl\/index.php\/wp-json\/wp\/v2\/media?parent=69"}],"wp:term":[{"taxonomy":"category","embeddable":true,"href":"https:\/\/martazbiblioteki.pl\/index.php\/wp-json\/wp\/v2\/categories?post=69"},{"taxonomy":"post_tag","embeddable":true,"href":"https:\/\/martazbiblioteki.pl\/index.php\/wp-json\/wp\/v2\/tags?post=69"}],"curies":[{"name":"wp","href":"https:\/\/api.w.org\/{rel}","templated":true}]}}