{"id":753,"date":"2022-04-19T10:57:25","date_gmt":"2022-04-19T08:57:25","guid":{"rendered":"https:\/\/martazbiblioteki.pl\/?p=753"},"modified":"2022-04-19T10:57:25","modified_gmt":"2022-04-19T08:57:25","slug":"swiatowy-dzien-ziemi-22-kwietnia","status":"publish","type":"post","link":"https:\/\/martazbiblioteki.pl\/index.php\/2022\/04\/19\/swiatowy-dzien-ziemi-22-kwietnia\/","title":{"rendered":"\u015awiatowy Dzie\u0144 Ziemi 22 kwietnia"},"content":{"rendered":"<p>W pi\u0105tek obchodzimy \u015awiatowy Dzie\u0144 Ziemi. Z tej okazji przygotowa\u0142am kilka grafik, kt\u00f3re mo\u017cecie wykorzysta\u0107. A je\u015bli chodzi o inspiracje w postaci ksi\u0105\u017cek to zapraszam do katalogu mojej biblioteki:<\/p>\n<p>&nbsp;<\/p>\n<p>https:\/\/www.oborniki-bpmig.sowa.pl\/sowacgi.php?KatID=0&#038;typ=repl&#038;plnk=__temat_Ekologia&#038;sort=bytitle&#038;view=1<\/p>\n<p>\u015awiatowy Dzie\u0144 Ziemi to najlepsza okazja do rozm\u00f3w i dzia\u0142a\u0144 nie tylko z najm\u0142odszymi. Ka\u017cdy z nas ma wp\u0142yw na ekosystem naszej planety.<\/p>\n<p><img loading=\"lazy\" class=\"aligncenter wp-image-744 size-full\" src=\"https:\/\/martazbiblioteki.pl\/wp-content\/uploads\/2022\/04\/Dzien-Ziemi-5.jpg\" alt=\"\" width=\"940\" height=\"788\" srcset=\"https:\/\/martazbiblioteki.pl\/wp-content\/uploads\/2022\/04\/Dzien-Ziemi-5.jpg 940w, https:\/\/martazbiblioteki.pl\/wp-content\/uploads\/2022\/04\/Dzien-Ziemi-5-300x251.jpg 300w, https:\/\/martazbiblioteki.pl\/wp-content\/uploads\/2022\/04\/Dzien-Ziemi-5-768x644.jpg 768w\" sizes=\"(max-width: 940px) 100vw, 940px\" \/><\/p>\n<p>To zdj\u0119cie przedstawia uj\u015bcie Samicy do Warty.<\/p>\n<p>&nbsp;<\/p>\n<p><img loading=\"lazy\" class=\"aligncenter wp-image-743 size-full\" src=\"https:\/\/martazbiblioteki.pl\/wp-content\/uploads\/2022\/04\/Dzien-Ziemi-4.jpg\" alt=\"\" width=\"940\" height=\"788\" srcset=\"https:\/\/martazbiblioteki.pl\/wp-content\/uploads\/2022\/04\/Dzien-Ziemi-4.jpg 940w, https:\/\/martazbiblioteki.pl\/wp-content\/uploads\/2022\/04\/Dzien-Ziemi-4-300x251.jpg 300w, https:\/\/martazbiblioteki.pl\/wp-content\/uploads\/2022\/04\/Dzien-Ziemi-4-768x644.jpg 768w\" sizes=\"(max-width: 940px) 100vw, 940px\" \/><\/p>\n<p>To zdj\u0119cie zrobi\u0142am w \u0141ebie (S\u0142owi\u0144ski Park Narodowy)<\/p>\n<p>&nbsp;<\/p>\n<p><img loading=\"lazy\" class=\"aligncenter wp-image-742 size-full\" src=\"https:\/\/martazbiblioteki.pl\/wp-content\/uploads\/2022\/04\/Dzien-Ziemi-3.jpg\" alt=\"\" width=\"940\" height=\"788\" srcset=\"https:\/\/martazbiblioteki.pl\/wp-content\/uploads\/2022\/04\/Dzien-Ziemi-3.jpg 940w, https:\/\/martazbiblioteki.pl\/wp-content\/uploads\/2022\/04\/Dzien-Ziemi-3-300x251.jpg 300w, https:\/\/martazbiblioteki.pl\/wp-content\/uploads\/2022\/04\/Dzien-Ziemi-3-768x644.jpg 768w\" sizes=\"(max-width: 940px) 100vw, 940px\" \/><\/p>\n<p>To zdj\u0119cie Ba\u0142tyku w Jastrz\u0119biej G\u00f3rze ( w drodze do Przyl\u0105dka Rozewie).<\/p>\n<p><img loading=\"lazy\" class=\"aligncenter wp-image-755 size-full\" src=\"https:\/\/martazbiblioteki.pl\/wp-content\/uploads\/2022\/04\/Dzien-Ziemi-7.jpg\" alt=\"\" width=\"940\" height=\"788\" srcset=\"https:\/\/martazbiblioteki.pl\/wp-content\/uploads\/2022\/04\/Dzien-Ziemi-7.jpg 940w, https:\/\/martazbiblioteki.pl\/wp-content\/uploads\/2022\/04\/Dzien-Ziemi-7-300x251.jpg 300w, https:\/\/martazbiblioteki.pl\/wp-content\/uploads\/2022\/04\/Dzien-Ziemi-7-768x644.jpg 768w\" sizes=\"(max-width: 940px) 100vw, 940px\" \/><\/p>\n<p>Jezioro Chojno (woj. Wielkopolskie)<\/p>\n<p>&nbsp;<\/p>\n<p><img loading=\"lazy\" class=\"aligncenter wp-image-745 size-full\" src=\"https:\/\/martazbiblioteki.pl\/wp-content\/uploads\/2022\/04\/Dzien-Ziemi-6.jpg\" alt=\"\" width=\"940\" height=\"788\" srcset=\"https:\/\/martazbiblioteki.pl\/wp-content\/uploads\/2022\/04\/Dzien-Ziemi-6.jpg 940w, https:\/\/martazbiblioteki.pl\/wp-content\/uploads\/2022\/04\/Dzien-Ziemi-6-300x251.jpg 300w, https:\/\/martazbiblioteki.pl\/wp-content\/uploads\/2022\/04\/Dzien-Ziemi-6-768x644.jpg 768w\" sizes=\"(max-width: 940px) 100vw, 940px\" \/><\/p>\n<p>&nbsp;<\/p>\n<p><img loading=\"lazy\" class=\"aligncenter wp-image-740 size-full\" src=\"https:\/\/martazbiblioteki.pl\/wp-content\/uploads\/2022\/04\/Dzien-Ziemi-1.jpg\" alt=\"\" width=\"940\" height=\"788\" srcset=\"https:\/\/martazbiblioteki.pl\/wp-content\/uploads\/2022\/04\/Dzien-Ziemi-1.jpg 940w, https:\/\/martazbiblioteki.pl\/wp-content\/uploads\/2022\/04\/Dzien-Ziemi-1-300x251.jpg 300w, https:\/\/martazbiblioteki.pl\/wp-content\/uploads\/2022\/04\/Dzien-Ziemi-1-768x644.jpg 768w\" sizes=\"(max-width: 940px) 100vw, 940px\" \/><\/p>\n<p>Dobrego dnia.<\/p>\n","protected":false},"excerpt":{"rendered":"<p>W pi\u0105tek obchodzimy \u015awiatowy Dzie\u0144 Ziemi. Z tej okazji przygotowa\u0142am kilka grafik, kt\u00f3re mo\u017cecie wykorzysta\u0107. A je\u015bli chodzi o inspiracje w postaci ksi\u0105\u017cek to zapraszam do katalogu mojej biblioteki: &nbsp; https:\/\/www.oborniki-bpmig.sowa.pl\/sowacgi.php?KatID=0&#038;typ=repl&#038;plnk=__temat_Ekologia&#038;sort=bytitle&#038;view=1 \u015awiatowy Dzie\u0144 Ziemi to najlepsza okazja do rozm\u00f3w i dzia\u0142a\u0144 nie tylko z najm\u0142odszymi. Ka\u017cdy z nas ma wp\u0142yw na ekosystem naszej planety. To &hellip; <\/p>\n","protected":false},"author":1,"featured_media":0,"comment_status":"closed","ping_status":"closed","sticky":false,"template":"","format":"standard","meta":[],"categories":[5,4,1],"tags":[],"_links":{"self":[{"href":"https:\/\/martazbiblioteki.pl\/index.php\/wp-json\/wp\/v2\/posts\/753"}],"collection":[{"href":"https:\/\/martazbiblioteki.pl\/index.php\/wp-json\/wp\/v2\/posts"}],"about":[{"href":"https:\/\/martazbiblioteki.pl\/index.php\/wp-json\/wp\/v2\/types\/post"}],"author":[{"embeddable":true,"href":"https:\/\/martazbiblioteki.pl\/index.php\/wp-json\/wp\/v2\/users\/1"}],"replies":[{"embeddable":true,"href":"https:\/\/martazbiblioteki.pl\/index.php\/wp-json\/wp\/v2\/comments?post=753"}],"version-history":[{"count":1,"href":"https:\/\/martazbiblioteki.pl\/index.php\/wp-json\/wp\/v2\/posts\/753\/revisions"}],"predecessor-version":[{"id":756,"href":"https:\/\/martazbiblioteki.pl\/index.php\/wp-json\/wp\/v2\/posts\/753\/revisions\/756"}],"wp:attachment":[{"href":"https:\/\/martazbiblioteki.pl\/index.php\/wp-json\/wp\/v2\/media?parent=753"}],"wp:term":[{"taxonomy":"category","embeddable":true,"href":"https:\/\/martazbiblioteki.pl\/index.php\/wp-json\/wp\/v2\/categories?post=753"},{"taxonomy":"post_tag","embeddable":true,"href":"https:\/\/martazbiblioteki.pl\/index.php\/wp-json\/wp\/v2\/tags?post=753"}],"curies":[{"name":"wp","href":"https:\/\/api.w.org\/{rel}","templated":true}]}}