{"id":76,"date":"2018-11-30T15:52:14","date_gmt":"2018-11-30T14:52:14","guid":{"rendered":"http:\/\/martazbiblioteki.pl\/?p=76"},"modified":"2018-11-30T15:52:14","modified_gmt":"2018-11-30T14:52:14","slug":"ksiazki-pod-choinke","status":"publish","type":"post","link":"https:\/\/martazbiblioteki.pl\/index.php\/2018\/11\/30\/ksiazki-pod-choinke\/","title":{"rendered":"Ksi\u0105\u017cki pod choink\u0119"},"content":{"rendered":"<p style=\"text-align: center;\">Czy s\u0142yszeli\u015bcie ju\u017c w tym roku przeb\u00f3j Last Christmas? Ja s\u0142ysza\u0142am a to znak, \u017ce najwy\u017cszy czas zacz\u0105\u0107 kompletowa\u0107 prezenty dla naszych bliskich. Zakupy zaczynam ju\u017c w pa\u017adzierniku. Nie lubi\u0119 \u015bwi\u0105tecznej gor\u0105czki, kolejek w sklepach i zwi\u0105zanych z tym nerwami. Dla mnie wa\u017cna jest atmosfera oczekiwania. Uwielbiam grudniowe dni. A jak prezenty to w du\u017cej mierze ksi\u0105\u017cki.<\/p>\n<p style=\"text-align: center;\">Zapraszam. Mo\u017ce Was zainspiruj\u0119&#8230;<\/p>\n<p style=\"text-align: center;\">\n<p><img loading=\"lazy\" class=\" wp-image-82\" src=\"https:\/\/martazbiblioteki.pl\/wp-content\/uploads\/2018\/11\/DSC00676-2-300x199.jpg\" alt=\"\" width=\"537\" height=\"356\" srcset=\"https:\/\/martazbiblioteki.pl\/wp-content\/uploads\/2018\/11\/DSC00676-2-300x199.jpg 300w, https:\/\/martazbiblioteki.pl\/wp-content\/uploads\/2018\/11\/DSC00676-2-768x509.jpg 768w, https:\/\/martazbiblioteki.pl\/wp-content\/uploads\/2018\/11\/DSC00676-2-1024x679.jpg 1024w\" sizes=\"(max-width: 537px) 100vw, 537px\" \/><\/p>\n<p style=\"text-align: center;\"><strong>DLA NAJM\u0141ODSZYCH:<\/strong><\/p>\n<p style=\"text-align: center;\"><em>Naci\u015bnij mnie- Herve Tullet<\/em><\/p>\n<p style=\"text-align: center;\">To interaktywna ksi\u0105\u017cka dzi\u0119ki kt\u00f3rej b\u0119dziecie si\u0119 \u015bwietnie bawi\u0107. Na ksi\u0105\u017ck\u0119 trzeba dmucha\u0107 naciska\u0107, a nawet klaska\u0107. Pomaga dziecku w nauce liczenia, rozpoznawaniu kolor\u00f3w ale przede wszystkim sprawia mn\u00f3stwo frajdy. UWAGA: Po przeczytaniu tej ksi\u0105\u017ceczki dziecko nawet kilka razy powt\u00f3rzy: &#8222;Ja chc\u0119 jeszcze raz&#8221;. Polecam te\u017c inne tytu\u0142y tego autora: Och. Ksi\u0105\u017cka pe\u0142na d\u017awi\u0119k\u00f3w, Naci\u015bnij mnie.Kolory, Figle migle, Porysuj mnie.<\/p>\n<p style=\"text-align: center;\"><em>Seria Basia- Zofia Stanecka<\/em><\/p>\n<p style=\"text-align: center;\">Basia ma mas\u0119 przyg\u00f3d. Robi\u0142a remont, pozna\u0142a koleg\u0119 z Haiti, by\u0142a w zoo, w bibliotece, na urodzinach w muzeum, a nawet na biwaku. Polecam ksi\u0105\u017ck\u0119 Basia i Bo\u017ce Narodzenie. Do czytania przy choince. Mo\u017ce stanie si\u0119 pocz\u0105tkiem kolekcji.<\/p>\n<p style=\"text-align: center;\"><em>Seria Kicia Kocia- Anita G\u0142owi\u0144ska<\/em><\/p>\n<p style=\"text-align: center;\">Kicia Kocia to seria, kt\u00f3ra bardzo podoba si\u0119 dzieciom. Liczy ok. 25 tom\u00f3w. To cienkie ksi\u0105\u017ceczki z kr\u00f3tkimi historyjkami i atrakcyjnymi cho\u0107 jak dla mnie dziwnymi ilustracjami. Wydawnictwo Media Rodzina przygotowa\u0142o te\u017c pluszow\u0105 maskotk\u0119. Ka\u017cdy ma\u0142y czytelnik mo\u017ce mie\u0107 w\u0142asn\u0105 Kicie Kocie.<\/p>\n<p>&nbsp;<\/p>\n<p><img loading=\"lazy\" class=\" wp-image-79\" src=\"https:\/\/martazbiblioteki.pl\/wp-content\/uploads\/2018\/11\/DSC00655-300x199.jpg\" alt=\"\" width=\"535\" height=\"355\" srcset=\"https:\/\/martazbiblioteki.pl\/wp-content\/uploads\/2018\/11\/DSC00655-300x199.jpg 300w, https:\/\/martazbiblioteki.pl\/wp-content\/uploads\/2018\/11\/DSC00655-768x509.jpg 768w, https:\/\/martazbiblioteki.pl\/wp-content\/uploads\/2018\/11\/DSC00655-1024x679.jpg 1024w\" sizes=\"(max-width: 535px) 100vw, 535px\" \/><\/p>\n<p style=\"text-align: center;\"><strong>DLA DZIECI<\/strong><\/p>\n<p style=\"text-align: center;\"><em>Tajemnica zamku- Martin Widmark<\/em><\/p>\n<p style=\"text-align: center;\">Najnowsza cz\u0119\u015b\u0107 przyg\u00f3d m\u0142odych detektyw\u00f3w. Tym razem Lasse i Maja rozwi\u0105\u017c\u0105 zagadk\u0119 zwi\u0105zan\u0105 z pewnym hrabi\u0105 i jego zamkiem.Ksi\u0105\u017cki z tej serii \u0142atwo si\u0119 czyta dzi\u0119ki du\u017cym literom i wartkiej akcji. W naszej bibliotece ustawiaj\u0105 si\u0119 po nie kolejki.<\/p>\n<p style=\"text-align: center;\"><em>Panna Jones i ksi\u0105\u017ckowe emporium- Sylvia Bishop<\/em><\/p>\n<p style=\"text-align: center;\">To pozycja obowi\u0105zkowa dla ka\u017cdego mi\u0142o\u015bnika ksi\u0105\u017cek i nie tylko. G\u0142\u00f3wna bohaterka mieszka w&#8230; ksi\u0119garni. Skrywa przed \u015bwiatem sekret. Jej rodzina w loterii wygrywa najwi\u0119ksz\u0105 i najbardziej niesamowit\u0105 ksi\u0119garnie na \u015bwiecie- Ksi\u0105\u017ckowe Emporium. Dziewczynka jest bardzo szcz\u0119\u015bliwa ale boi si\u0119, \u017ce jej tajemnica wyjdzie na jaw.<\/p>\n<p style=\"text-align: center;\"><em>Opowie\u015bci dla ch\u0142opc\u00f3w, kt\u00f3rzy chc\u0105 by\u0107 wyj\u0105tkowi- Ben Brooks<\/em><\/p>\n<p style=\"text-align: center;\">Ta ksi\u0105\u017cka to gratka nie tylko dla ch\u0142opc\u00f3w. Przedstawione s\u0105 w niej sylwetki m\u0119\u017cczyzn, kt\u00f3rzy zmieniali \u015bwiat, odkrywali swoje pasje,podr\u00f3\u017cowali, uczyli si\u0119, uprawiali sport. By\u0107 mo\u017ce stan\u0105 si\u0119 one inspiracj\u0105 dla naszych dzieci. Przedstawiono w niej sylwetki takich os\u00f3b jak Lionel Messi, Stephen Hawking,Salvador Dali czy Barack Obama. A je\u015bli Wasi ch\u0142opcy chc\u0105 poczyta\u0107 o Polakach to warto si\u0119gn\u0105\u0107 po ksi\u0105\u017ck\u0119 <em>Ch\u0142opaki Chojraki<\/em> Marcina Prokopa.<\/p>\n<p style=\"text-align: center;\"><em>Kobiety i nauka\/ Kobiety i sport- Rachel Ignotofsky<\/em><\/p>\n<p style=\"text-align: center;\">Autorka tych ksi\u0105\u017cek powiedzia\u0142a, \u017ce &#8222;\u017ba\u0142uj\u0119, \u017ce nie mam c\u00f3rki, kt\u00f3rej mog\u0142abym podarowa\u0107 egzemplarz tej ksi\u0105\u017cki.&#8221; I wcale jej si\u0119 nie dziwi\u0119 s\u0105 to pozycje wyj\u0105tkowe. Pi\u0119kne ilustracje i silne kobiety. Warto po ni\u0105 si\u0119gn\u0105\u0107 i pozna\u0107 zawarte w niej \u017cyciorysy.<\/p>\n<p style=\"text-align: center;\">\n<p><img loading=\"lazy\" class=\"wp-image-80\" src=\"https:\/\/martazbiblioteki.pl\/wp-content\/uploads\/2018\/11\/DSC00657-300x199.jpg\" alt=\"\" width=\"554\" height=\"367\" srcset=\"https:\/\/martazbiblioteki.pl\/wp-content\/uploads\/2018\/11\/DSC00657-300x199.jpg 300w, https:\/\/martazbiblioteki.pl\/wp-content\/uploads\/2018\/11\/DSC00657-768x509.jpg 768w, https:\/\/martazbiblioteki.pl\/wp-content\/uploads\/2018\/11\/DSC00657-1024x679.jpg 1024w\" sizes=\"(max-width: 554px) 100vw, 554px\" \/><\/p>\n<p style=\"text-align: center;\"><strong>DLA M\u0141ODZIE\u017bY<\/strong><\/p>\n<p style=\"text-align: center;\"><em>S\u0142owa w ciemnym b\u0142\u0119kicie- Cath Crowley<\/em><\/p>\n<p style=\"text-align: center;\">To historia Rachel, dziewczyny kt\u00f3ra zostawi\u0142a list mi\u0142osny i schowa\u0142a go w ulubionej ksi\u0105\u017cce w ksi\u0119garni. Jednak Henry, jej sympatia nigdy na niego nie odpowiedzia\u0142. Po kilku latach drogi bohater\u00f3w znowu si\u0119 krzy\u017cuj\u0105. Co z tego wyniknie?<\/p>\n<p style=\"text-align: center;\"><em>Bombka babci Zilbersztajn- Katarzyna Ryrych<\/em><\/p>\n<p style=\"text-align: center;\">To pi\u0119kna opowie\u015b\u0107 o przyja\u017ani m\u0142odej dziewczyny ze starsz\u0105 pani\u0105. Na Gwiazdk\u0119 Ninka otrzyma\u0142a od pani Zilbersztajn pi\u0119kn\u0105, r\u0119cznie malowan\u0105 bombk\u0119. Od tej chwili w \u017cyciu bohaterki zaczynaj\u0105 si\u0119 dzia\u0107 rzeczy, kt\u00f3re ci\u0119\u017cko racjonalnie wyt\u0142umaczy\u0107.<\/p>\n<p style=\"text-align: center;\"><em>Cudowny ch\u0142opak- R.J Palacio<\/em><\/p>\n<p style=\"text-align: center;\">Wiem, \u017ce nie jest to najnowsza ksi\u0105\u017cka, ale jest tak pi\u0119kna \u017ce musz\u0119 j\u0105 poleci\u0107. August to ch\u0142opak, kt\u00f3ry w swoim dziesi\u0119cioletnim \u017cyciu przeszed\u0142 ju\u017c 27 operacji. Za spraw\u0105 zmutowanego genu ma zdeformowan\u0105 twarz. Do tej pory uczy\u0142 si\u0119 w domu, ale przyszed\u0142 czas na rozpocz\u0119cie nauki w prawdziwej szkole. Jak bohater poradzi sobie w nowej sytuacji? To w\u0142a\u015bciwie ksi\u0105\u017cka, kt\u00f3r\u0105 powinien przeczyta\u0107 ka\u017cdy z nas.<\/p>\n<p>&nbsp;<\/p>\n<p><img loading=\"lazy\" class=\" wp-image-81\" src=\"https:\/\/martazbiblioteki.pl\/wp-content\/uploads\/2018\/11\/DSC00660-300x199.jpg\" alt=\"\" width=\"608\" height=\"403\" srcset=\"https:\/\/martazbiblioteki.pl\/wp-content\/uploads\/2018\/11\/DSC00660-300x199.jpg 300w, https:\/\/martazbiblioteki.pl\/wp-content\/uploads\/2018\/11\/DSC00660-768x509.jpg 768w, https:\/\/martazbiblioteki.pl\/wp-content\/uploads\/2018\/11\/DSC00660-1024x679.jpg 1024w\" sizes=\"(max-width: 608px) 100vw, 608px\" \/><\/p>\n<p style=\"text-align: center;\"><strong>DLA DOROS\u0141YCH<\/strong><\/p>\n<p style=\"text-align: center;\"><em>Kr\u00f3tka historia o d\u0142ugiej mi\u0142o\u015bci- Angelika Ku\u017aniak, Ewelina Karpacz-Obo\u0142adze<\/em><\/p>\n<p style=\"text-align: center;\">Pocz\u0105tkiem ka\u017cdej mi\u0142o\u015bci s\u0105 d\u0142ugie rozmowy, zakochani pragn\u0105 sp\u0119dza\u0107 ze sob\u0105 ka\u017cd\u0105 chwile. W przypadku Wies\u0142awy Pajdak i Jerzego \u015amiechowskiego by\u0142o to niemo\u017cliwe. Ona \u0142\u0105czniczka, on \u017co\u0142nierz Polski Podziemnej zakochali si\u0119 w sobie cho\u0107 dos\u0142ownie dzieli\u0142a ich \u015bciana w stalinowskim wi\u0119zieniu. Rozmawiali ze sob\u0105 przy pomocy alfabetu Morse&#8217;a. Czy ich historia ma pozytywne zako\u0144czenie? Dowiecie si\u0119 czytaj\u0105c te pi\u0119kn\u0105 opowie\u015b\u0107<\/p>\n<p style=\"text-align: center;\"><em>Z ka\u017cdym oddechem- Nicholas Sparks<\/em><\/p>\n<p style=\"text-align: center;\">Polecam Sparksa zawsze i ka\u017cdemu. Nawet osobom, kt\u00f3re nie si\u0119gaj\u0105 po &#8222;lekk\u0105&#8221; literatur\u0119. Sparks wzrusza jak nikt inny opowiadaj\u0105c o mi\u0142o\u015bci, przyja\u017ani,rozterkach, smutku. Jego bohaterowie s\u0105 r\u00f3\u017cnorodni, a wydarzenia opisywane w ksi\u0105\u017ckach wywo\u0142uj\u0105 wiele emocji. I ka\u017cdy kolejny tytu\u0142 jest tak samo dobry.<\/p>\n<p style=\"text-align: center;\"><em>B\u0142oto s\u0142odsze ni\u017c mi\u00f3d- Ma\u0142gorzata Rejmer<\/em><\/p>\n<p style=\"text-align: center;\">Je\u015bli chcecie zrobi\u0107 prezent wielbicielowi reporta\u017cy to koniecznie zapoznajcie si\u0119 z t\u0105 ksi\u0105\u017ck\u0105. Nie jest to \u0142atwa lektura.<br \/>\nAutorka opowiada o najtragiczniejszym okresie historii Albanii. Mowa tutaj o kraju udr\u0119czonym terrorem komunistycznej dyktatury. Rzetelna opowie\u015b\u0107 o ludziach, systemie i wydarzeniach tamtego czasu.<\/p>\n<p style=\"text-align: center;\">Mam nadziej\u0119, \u017ce cho\u0107 troszk\u0119 Was zainspirowa\u0142am. Musicie te\u017c pami\u0119ta\u0107, \u017ce nawet najlepsza ksi\u0105\u017cka kupiona osobie,kt\u00f3ra nie lubi czyta\u0107, nie b\u0119dzie trafionym prezentem.<\/p>\n<p style=\"text-align: center;\">Mi\u0142ego wieczoru \ud83d\ude42<\/p>\n<p><strong>Polecane ksi\u0105\u017cki:<\/strong><\/p>\n<p>1. Naci\u015bnij mnie- Herve Tullet (Wyd. Babaryba)<br \/>\n2. Och. Ksi\u0105\u017cka pe\u0142na d\u017awi\u0119k\u00f3w- Herve Tullet (Wyd. Babaryba)<br \/>\n3. Figle migle- Herve Tullet (Wyd. Babaryba)<br \/>\n4. Porysuj mnie- Herve Tullet (Wyd. Babaryba)<br \/>\n5. Naci\u015bnij mnie. Kolory- Herve Tullet (Wyd. Babaryba)<br \/>\n6. Basia i Bo\u017ce Narodzenie- Zofia Stanecka (Wyd. Egmont)<br \/>\n7. Seria Kicia Kocia- Anita G\u0142owi\u0144ska (Wyd.Media Rodzina)<br \/>\n8. Tajemnica zamku- Martin Widmark (Wyd. Zakamarki)<br \/>\n9. Panna Jones i ksi\u0105\u017ckowe emporium- Sylvia Bishop (Wyd. Zielona Sowa)<br \/>\n10. Opowie\u015bci dla ch\u0142opc\u00f3w, kt\u00f3rzy chc\u0105 by\u0107 wyj\u0105tkowi- Ben Brooks (Grupa Wydawnicza K.E Liber)<br \/>\n11. Ch\u0142opaki Chojraki- Marcin Prokop (Wyd. Znak Emotikon)<br \/>\n12. Kobiety i nauka\/ Kobiety i sport- Rachel Ignotofsky (Wyd. Egmont)<br \/>\n13. S\u0142owa w ciemnym b\u0142\u0119kicie- Cath Crowley (Wyd. Jaguar)<br \/>\n14. Bombka babci Zilbersztajn- Katarzyna Ryrych (Agencja Edytorska EZOP)<br \/>\n15. Cudowny ch\u0142opak- R.J Palacio (Wyd. Albatros)<br \/>\n16. Kr\u00f3tka historia o d\u0142ugiej mi\u0142o\u015bci- Angelika Ku\u017aniak, Ewelina Karpacz-Obo\u0142adze (Wyd. Znak)<br \/>\n17. Z ka\u017cdym oddechem- Nicholas Sparks (Wyd. Albatros)<br \/>\n18. B\u0142oto s\u0142odsze ni\u017c mi\u00f3d- Ma\u0142gorzata Rejmer (Wyd. Czarne)<\/p>\n<p>&nbsp;<\/p>\n","protected":false},"excerpt":{"rendered":"<p>Czy s\u0142yszeli\u015bcie ju\u017c w tym roku przeb\u00f3j Last Christmas? Ja s\u0142ysza\u0142am a to znak, \u017ce najwy\u017cszy czas zacz\u0105\u0107 kompletowa\u0107 prezenty dla naszych bliskich. Zakupy zaczynam ju\u017c w pa\u017adzierniku. Nie lubi\u0119 \u015bwi\u0105tecznej gor\u0105czki, kolejek w sklepach i zwi\u0105zanych z tym nerwami. Dla mnie wa\u017cna jest atmosfera oczekiwania. Uwielbiam grudniowe dni. A jak prezenty to w du\u017cej &hellip; <\/p>\n","protected":false},"author":1,"featured_media":0,"comment_status":"open","ping_status":"open","sticky":false,"template":"","format":"standard","meta":[],"categories":[1],"tags":[],"_links":{"self":[{"href":"https:\/\/martazbiblioteki.pl\/index.php\/wp-json\/wp\/v2\/posts\/76"}],"collection":[{"href":"https:\/\/martazbiblioteki.pl\/index.php\/wp-json\/wp\/v2\/posts"}],"about":[{"href":"https:\/\/martazbiblioteki.pl\/index.php\/wp-json\/wp\/v2\/types\/post"}],"author":[{"embeddable":true,"href":"https:\/\/martazbiblioteki.pl\/index.php\/wp-json\/wp\/v2\/users\/1"}],"replies":[{"embeddable":true,"href":"https:\/\/martazbiblioteki.pl\/index.php\/wp-json\/wp\/v2\/comments?post=76"}],"version-history":[{"count":4,"href":"https:\/\/martazbiblioteki.pl\/index.php\/wp-json\/wp\/v2\/posts\/76\/revisions"}],"predecessor-version":[{"id":86,"href":"https:\/\/martazbiblioteki.pl\/index.php\/wp-json\/wp\/v2\/posts\/76\/revisions\/86"}],"wp:attachment":[{"href":"https:\/\/martazbiblioteki.pl\/index.php\/wp-json\/wp\/v2\/media?parent=76"}],"wp:term":[{"taxonomy":"category","embeddable":true,"href":"https:\/\/martazbiblioteki.pl\/index.php\/wp-json\/wp\/v2\/categories?post=76"},{"taxonomy":"post_tag","embeddable":true,"href":"https:\/\/martazbiblioteki.pl\/index.php\/wp-json\/wp\/v2\/tags?post=76"}],"curies":[{"name":"wp","href":"https:\/\/api.w.org\/{rel}","templated":true}]}}