{"id":846,"date":"2022-09-10T12:26:17","date_gmt":"2022-09-10T10:26:17","guid":{"rendered":"https:\/\/martazbiblioteki.pl\/?p=846"},"modified":"2022-09-10T12:26:17","modified_gmt":"2022-09-10T10:26:17","slug":"eksperymenty","status":"publish","type":"post","link":"https:\/\/martazbiblioteki.pl\/index.php\/2022\/09\/10\/eksperymenty\/","title":{"rendered":"Eksperymenty&#8230;"},"content":{"rendered":"<p>Wrzesie\u0144 przywita\u0142 nas s\u0142o\u0144cem i ciep\u0142em jakby nie chcia\u0142 przegania\u0107 wakacyjnego klimatu. A jednak rok szkolny rozpocz\u0105\u0142 si\u0119 na dobre a bie\u017c\u0105cy weekend pokazuje \u017ce jesie\u0144 tu\u017c, tu\u017c&#8230; Ju\u017c nied\u0142ugo mniej czasu przyjdzie nam sp\u0119dza\u0107 na dworze. Ale nie martwcie si\u0119 dzisiejszy wpis jest po to aby wyprzedzi\u0107 s\u0142owa naszych dzieci: &#8222;Mamo, tato nudz\u0119 si\u0119&#8230;&#8221; Gdy za oknem pada a humory zaczynaj\u0105 si\u0119 psu\u0107 polecam Wam pobawi\u0107 si\u0119 w eksperymentowanie. Dzieciaki kochaj\u0105 eksperymenty. Doro\u015bli mo\u017ce troch\u0119 mniej bo trzeba po nich sprz\u0105ta\u0107 ale nie przera\u017cajcie si\u0119, mo\u017cna je dostosowa\u0107 do naszego poziomu tolerancji na ba\u0142agan.<\/p>\n<p>W naszej bibliotece pojawi\u0142a si\u0119 ostatnio \u015bwietna seria Akademia m\u0105drego dziecka. Przygody z nauk\u0105 autorstwa Cecile Jugla. W serii ukaza\u0142y si\u0119 min.:<\/p>\n<ul>\n<li>Jajko. Akademia m\u0105drego dziecka. Przygody z nauk\u0105,<\/li>\n<li>Cytryna. Akademia m\u0105drego dziecka. Przygody z nauk\u0105,<\/li>\n<li>Papier. Akademia m\u0105drego dziecka. Przygody z nauk\u0105,<\/li>\n<li>Woda. Akademia m\u0105drego dziecka. Przygody z nauk\u0105,<\/li>\n<li>Cukier. Akademia m\u0105drego dziecka. Przygody z nauk\u0105,<\/li>\n<li>Ziemniak. Akademia m\u0105drego dziecka. Przygody z nauk\u0105,<\/li>\n<li>Balon. Akademia m\u0105drego dziecka. Przygody z nauk\u0105,<\/li>\n<li>Spinacz. Akademia m\u0105drego dziecka. Przygody z nauk\u0105,<\/li>\n<li>S\u00f3l.\u00a0Akademia m\u0105drego dziecka. Przygody z nauk\u0105.<\/li>\n<\/ul>\n<p>&nbsp;<\/p>\n<p><img loading=\"lazy\" class=\"aligncenter wp-image-847 size-full\" src=\"https:\/\/martazbiblioteki.pl\/wp-content\/uploads\/2022\/09\/Niebieski-Plaza-Prosty-Kolaz-Wpis-na-Facebooku.jpg\" alt=\"\" width=\"940\" height=\"788\" srcset=\"https:\/\/martazbiblioteki.pl\/wp-content\/uploads\/2022\/09\/Niebieski-Plaza-Prosty-Kolaz-Wpis-na-Facebooku.jpg 940w, https:\/\/martazbiblioteki.pl\/wp-content\/uploads\/2022\/09\/Niebieski-Plaza-Prosty-Kolaz-Wpis-na-Facebooku-300x251.jpg 300w, https:\/\/martazbiblioteki.pl\/wp-content\/uploads\/2022\/09\/Niebieski-Plaza-Prosty-Kolaz-Wpis-na-Facebooku-768x644.jpg 768w\" sizes=\"(max-width: 940px) 100vw, 940px\" \/><\/p>\n<p>Nasze testowanie tych ksi\u0105\u017cek rozpocz\u0119\u0142y\u015bmy niedawno Hania jest zachwycona. Jej ulubie\u0144cy to ksi\u0105\u017cka o ziemniaku i balonie. W ka\u017cdej ksi\u0105\u017cce znajdziecie dziesi\u0119\u0107 prostych eksperyment\u00f3w w sam raz dla starszaka i pocz\u0105tkuj\u0105cego ucznia. Chocia\u017c starsze dzieci i doro\u015bli na pewno te\u017c b\u0119d\u0105 mie\u0107 frajd\u0119.<\/p>\n<p>&nbsp;<\/p>\n<p><img loading=\"lazy\" class=\"aligncenter wp-image-843 size-large\" src=\"https:\/\/martazbiblioteki.pl\/wp-content\/uploads\/2022\/09\/IMG_20220830_125015-768x1024.jpg\" alt=\"\" width=\"640\" height=\"853\" srcset=\"https:\/\/martazbiblioteki.pl\/wp-content\/uploads\/2022\/09\/IMG_20220830_125015-768x1024.jpg 768w, https:\/\/martazbiblioteki.pl\/wp-content\/uploads\/2022\/09\/IMG_20220830_125015-225x300.jpg 225w, https:\/\/martazbiblioteki.pl\/wp-content\/uploads\/2022\/09\/IMG_20220830_125015-1152x1536.jpg 1152w, https:\/\/martazbiblioteki.pl\/wp-content\/uploads\/2022\/09\/IMG_20220830_125015-1536x2048.jpg 1536w, https:\/\/martazbiblioteki.pl\/wp-content\/uploads\/2022\/09\/IMG_20220830_125015-scaled.jpg 1920w\" sizes=\"(max-width: 640px) 100vw, 640px\" \/><\/p>\n<p>Je\u015bli lubicie sp\u0119dza\u0107 kreatywnie czas ze swoimi dzie\u0107mi musicie wypr\u00f3bowa\u0107 te ksi\u0105\u017cki.<\/p>\n<p>&nbsp;<\/p>\n<p>Mi\u0142ego weekendu.<\/p>\n<p>&nbsp;<\/p>\n<p><img loading=\"lazy\" class=\"wp-image-845 size-large\" src=\"https:\/\/martazbiblioteki.pl\/wp-content\/uploads\/2022\/09\/IMG_20220830_090614-768x1024.jpg\" alt=\"\" width=\"640\" height=\"853\" srcset=\"https:\/\/martazbiblioteki.pl\/wp-content\/uploads\/2022\/09\/IMG_20220830_090614-768x1024.jpg 768w, https:\/\/martazbiblioteki.pl\/wp-content\/uploads\/2022\/09\/IMG_20220830_090614-225x300.jpg 225w, https:\/\/martazbiblioteki.pl\/wp-content\/uploads\/2022\/09\/IMG_20220830_090614-1152x1536.jpg 1152w, https:\/\/martazbiblioteki.pl\/wp-content\/uploads\/2022\/09\/IMG_20220830_090614-1536x2048.jpg 1536w, https:\/\/martazbiblioteki.pl\/wp-content\/uploads\/2022\/09\/IMG_20220830_090614-scaled.jpg 1920w\" sizes=\"(max-width: 640px) 100vw, 640px\" \/><\/p>\n","protected":false},"excerpt":{"rendered":"<p>Wrzesie\u0144 przywita\u0142 nas s\u0142o\u0144cem i ciep\u0142em jakby nie chcia\u0142 przegania\u0107 wakacyjnego klimatu. A jednak rok szkolny rozpocz\u0105\u0142 si\u0119 na dobre a bie\u017c\u0105cy weekend pokazuje \u017ce jesie\u0144 tu\u017c, tu\u017c&#8230; Ju\u017c nied\u0142ugo mniej czasu przyjdzie nam sp\u0119dza\u0107 na dworze. Ale nie martwcie si\u0119 dzisiejszy wpis jest po to aby wyprzedzi\u0107 s\u0142owa naszych dzieci: &#8222;Mamo, tato nudz\u0119 si\u0119&#8230;&#8221; &hellip; <\/p>\n","protected":false},"author":1,"featured_media":0,"comment_status":"closed","ping_status":"closed","sticky":false,"template":"","format":"standard","meta":[],"categories":[4,1],"tags":[],"_links":{"self":[{"href":"https:\/\/martazbiblioteki.pl\/index.php\/wp-json\/wp\/v2\/posts\/846"}],"collection":[{"href":"https:\/\/martazbiblioteki.pl\/index.php\/wp-json\/wp\/v2\/posts"}],"about":[{"href":"https:\/\/martazbiblioteki.pl\/index.php\/wp-json\/wp\/v2\/types\/post"}],"author":[{"embeddable":true,"href":"https:\/\/martazbiblioteki.pl\/index.php\/wp-json\/wp\/v2\/users\/1"}],"replies":[{"embeddable":true,"href":"https:\/\/martazbiblioteki.pl\/index.php\/wp-json\/wp\/v2\/comments?post=846"}],"version-history":[{"count":2,"href":"https:\/\/martazbiblioteki.pl\/index.php\/wp-json\/wp\/v2\/posts\/846\/revisions"}],"predecessor-version":[{"id":849,"href":"https:\/\/martazbiblioteki.pl\/index.php\/wp-json\/wp\/v2\/posts\/846\/revisions\/849"}],"wp:attachment":[{"href":"https:\/\/martazbiblioteki.pl\/index.php\/wp-json\/wp\/v2\/media?parent=846"}],"wp:term":[{"taxonomy":"category","embeddable":true,"href":"https:\/\/martazbiblioteki.pl\/index.php\/wp-json\/wp\/v2\/categories?post=846"},{"taxonomy":"post_tag","embeddable":true,"href":"https:\/\/martazbiblioteki.pl\/index.php\/wp-json\/wp\/v2\/tags?post=846"}],"curies":[{"name":"wp","href":"https:\/\/api.w.org\/{rel}","templated":true}]}}