{"id":858,"date":"2022-10-05T16:26:53","date_gmt":"2022-10-05T14:26:53","guid":{"rendered":"https:\/\/martazbiblioteki.pl\/?p=858"},"modified":"2022-10-05T16:26:53","modified_gmt":"2022-10-05T14:26:53","slug":"nie-jestem-jesieniara","status":"publish","type":"post","link":"https:\/\/martazbiblioteki.pl\/index.php\/2022\/10\/05\/nie-jestem-jesieniara\/","title":{"rendered":"Nie jestem jesieniar\u0105&#8230;"},"content":{"rendered":"<p>Jesie\u0144 na dobre si\u0119 u nas rozgo\u015bci\u0142a a ja pr\u00f3buj\u0119 j\u0105 polubi\u0107. Zdecydowanie nie jestem jesieniar\u0105. Grube swetry lubi\u0119 ale gdy le\u017c\u0105 grzecznie z\u0142o\u017cone w szafie. Kocham deszcz ale ten ciep\u0142y, letni. A modne sztyblety ci\u0105\u017c\u0105 mi na stopach. Ale do\u015b\u0107 narzekania. Do wiosny p\u00f3\u0142 roku i \u017ceby nie popa\u015b\u0107 w smutny stan romantyzuje jesienny czas. I okazuje si\u0119 \u017ce jesie\u0144 ma aspekty, kt\u00f3re uwielbiam. Grzybobranie, rodzinne wykopki, dyniowa zupa, wczesna wieczorna k\u0105piel i le\u017cenie w \u0142\u00f3\u017cku z ksi\u0105\u017ck\u0105, oczywi\u015bcie najpierw t\u0105 dzieci\u0119c\u0105 by u\u015bpi\u0107 ma\u0142\u0105 czytelniczk\u0119 a potem herbata z imbirem i miodem wyprodukowanym przez pszczo\u0142y s\u0105siada, \u015bwieczki, ulubiona muzyka i jesie\u0144 naprawd\u0119 staje si\u0119 zno\u015bna. \ud83d\ude09 M\u00f3j \u0141ukasz, kt\u00f3ry wszystko widzi w bardziej r\u00f3\u017cowych barwach ni\u017c ja pociesza mnie, m\u00f3wi\u0105c: &#8222;Jeszcze b\u0119dzie ciep\u0142o&#8221;. Tak\u017ce trzymam go za s\u0142owo i czekam na Z\u0142ot\u0105 Polsk\u0105 Jesie\u0144&#8230;<\/p>\n<p>Ale nie o moich rozterkach mia\u0142 by\u0107 ten wpis. Chcia\u0142am Wam pokaza\u0107 ksi\u0105\u017cki, kt\u00f3re ostatnio przeczyta\u0142y\u015bmy z Hani\u0105 i bardzo si\u0119 mojej ma\u0142ej czytelniczce podoba\u0142y.<\/p>\n<p>Zapraszam.<\/p>\n<p>&nbsp;<\/p>\n<p><strong>C. Ard- Chod\u017a na dw\u00f3r Wydawnictwo Kropka<\/strong><\/p>\n<p>&nbsp;<\/p>\n<p><img loading=\"lazy\" class=\"aligncenter wp-image-857 size-medium\" src=\"https:\/\/martazbiblioteki.pl\/wp-content\/uploads\/2022\/10\/IMG_20220809_190352-225x300.jpg\" alt=\"\" width=\"225\" height=\"300\" srcset=\"https:\/\/martazbiblioteki.pl\/wp-content\/uploads\/2022\/10\/IMG_20220809_190352-225x300.jpg 225w, https:\/\/martazbiblioteki.pl\/wp-content\/uploads\/2022\/10\/IMG_20220809_190352-768x1024.jpg 768w, https:\/\/martazbiblioteki.pl\/wp-content\/uploads\/2022\/10\/IMG_20220809_190352-1152x1536.jpg 1152w, https:\/\/martazbiblioteki.pl\/wp-content\/uploads\/2022\/10\/IMG_20220809_190352-1536x2048.jpg 1536w, https:\/\/martazbiblioteki.pl\/wp-content\/uploads\/2022\/10\/IMG_20220809_190352-scaled.jpg 1920w\" sizes=\"(max-width: 225px) 100vw, 225px\" \/><\/p>\n<p>Mojej Hani do zabawy na \u015bwie\u017cym powietrzu zach\u0119ca\u0107 nie trzeba, wr\u0119cz przeciwnie nawet gdy leje deszcz i trwa wichura moja c\u00f3rka twierdzi, \u017ce wystarczy si\u0119 dobrze ubra\u0107 i mo\u017cna \u015bmiga\u0107 po dworze. Ta ksi\u0105\u017cka pokazuje jak mo\u017cna bawi\u0107 si\u0119 na zewn\u0105trz. Mo\u017cecie wsp\u00f3lnie z dzie\u0107mi obserwowa\u0107 chmury, bawi\u0107 si\u0119 w przyrodniczych detektyw\u00f3w czy spojrze\u0107 w gwiazdy, a nawet sprawdza\u0107 wiek drzewa. Wspania\u0142a przygoda.<\/p>\n<p>&nbsp;<\/p>\n<p><strong>A. Paszkiewicz- Leo\u015b Sosenka obserwuje las Wydawnictwo Wilga<\/strong><\/p>\n<p>&nbsp;<\/p>\n<p><img loading=\"lazy\" class=\"aligncenter wp-image-856 size-medium\" src=\"https:\/\/martazbiblioteki.pl\/wp-content\/uploads\/2022\/10\/IMG_20221004_081507-225x300.jpg\" alt=\"\" width=\"225\" height=\"300\" srcset=\"https:\/\/martazbiblioteki.pl\/wp-content\/uploads\/2022\/10\/IMG_20221004_081507-225x300.jpg 225w, https:\/\/martazbiblioteki.pl\/wp-content\/uploads\/2022\/10\/IMG_20221004_081507-768x1024.jpg 768w, https:\/\/martazbiblioteki.pl\/wp-content\/uploads\/2022\/10\/IMG_20221004_081507-1152x1536.jpg 1152w, https:\/\/martazbiblioteki.pl\/wp-content\/uploads\/2022\/10\/IMG_20221004_081507-1536x2048.jpg 1536w, https:\/\/martazbiblioteki.pl\/wp-content\/uploads\/2022\/10\/IMG_20221004_081507-scaled.jpg 1920w\" sizes=\"(max-width: 225px) 100vw, 225px\" \/><\/p>\n<p>Ta ksi\u0105\u017cka zauroczy\u0142a mnie ze wzgl\u0119du na tre\u015b\u0107, kt\u00f3ra m\u00f3wi \u017ce na wypraw\u0119 idzie Leo\u015b z tat\u0105 i ma by\u0107 to wy\u0142\u0105cznie ich czas. Mama i m\u0142odsze rodze\u0144stwo zostaj\u0105 w domu, by da\u0107 tacie i synowi przestrze\u0144 i czas tylko dla nich.<\/p>\n<p>&nbsp;<\/p>\n<p><strong>Mojo Graffi- G\u00f3ra m\u0105dro\u015bci Wydawnictwo Wilga<\/strong><\/p>\n<p><img loading=\"lazy\" class=\"aligncenter wp-image-855 size-medium\" src=\"https:\/\/martazbiblioteki.pl\/wp-content\/uploads\/2022\/10\/IMG_20221002_114657-225x300.jpg\" alt=\"\" width=\"225\" height=\"300\" srcset=\"https:\/\/martazbiblioteki.pl\/wp-content\/uploads\/2022\/10\/IMG_20221002_114657-225x300.jpg 225w, https:\/\/martazbiblioteki.pl\/wp-content\/uploads\/2022\/10\/IMG_20221002_114657-768x1024.jpg 768w, https:\/\/martazbiblioteki.pl\/wp-content\/uploads\/2022\/10\/IMG_20221002_114657-1152x1536.jpg 1152w, https:\/\/martazbiblioteki.pl\/wp-content\/uploads\/2022\/10\/IMG_20221002_114657-1536x2048.jpg 1536w, https:\/\/martazbiblioteki.pl\/wp-content\/uploads\/2022\/10\/IMG_20221002_114657-scaled.jpg 1920w\" sizes=\"(max-width: 225px) 100vw, 225px\" \/><\/p>\n<p>Mojo Grafi to utalentowana ilustratorka. Mamy w domu jej Alfabet mi\u0142o\u015bci, a teraz czyta\u0142y\u015bmy pi\u0119kn\u0105 , historie o poszukiwaniu przyja\u017ani, opatrzon\u0105 nie tylko autorskimi ilustracjami ale te\u017c tekstem.<\/p>\n<p>&nbsp;<\/p>\n<p><strong>A. C Miquel- Wszystkie kolory mi\u0142o\u015bci Wydawnictwo Jedno\u015b\u0107<\/strong><\/p>\n<p><img loading=\"lazy\" class=\"aligncenter wp-image-854 size-medium\" src=\"https:\/\/martazbiblioteki.pl\/wp-content\/uploads\/2022\/10\/IMG_20221002_114719-225x300.jpg\" alt=\"\" width=\"225\" height=\"300\" srcset=\"https:\/\/martazbiblioteki.pl\/wp-content\/uploads\/2022\/10\/IMG_20221002_114719-225x300.jpg 225w, https:\/\/martazbiblioteki.pl\/wp-content\/uploads\/2022\/10\/IMG_20221002_114719-768x1024.jpg 768w, https:\/\/martazbiblioteki.pl\/wp-content\/uploads\/2022\/10\/IMG_20221002_114719-1152x1536.jpg 1152w, https:\/\/martazbiblioteki.pl\/wp-content\/uploads\/2022\/10\/IMG_20221002_114719-1536x2048.jpg 1536w, https:\/\/martazbiblioteki.pl\/wp-content\/uploads\/2022\/10\/IMG_20221002_114719-scaled.jpg 1920w\" sizes=\"(max-width: 225px) 100vw, 225px\" \/><\/p>\n<p>Ta ksi\u0105\u017cka jest jak plasterek dla wszystkich dzieci, kt\u00f3re obawiaj\u0105 si\u0119 \u017ce narodziny m\u0142odszego rodze\u0144stwa mog\u0105 sprawi\u0107, \u017ce rodzice b\u0119d\u0105 mieli dla nich mniej mi\u0142o\u015bci. Ma\u0142a Klara w\u0142a\u015bnie tym si\u0119 martwi. Ale na szcz\u0119\u015bcie to zmartwienie zniknie.<\/p>\n<p>&nbsp;<\/p>\n<p><strong>B. Supe\u0142- Szeptanka o krasnoludkach Wydawnictwo Zielona Sowa<\/strong><\/p>\n<p><img loading=\"lazy\" class=\"aligncenter wp-image-853 size-medium\" src=\"https:\/\/martazbiblioteki.pl\/wp-content\/uploads\/2022\/10\/IMG_20221002_114824-225x300.jpg\" alt=\"\" width=\"225\" height=\"300\" srcset=\"https:\/\/martazbiblioteki.pl\/wp-content\/uploads\/2022\/10\/IMG_20221002_114824-225x300.jpg 225w, https:\/\/martazbiblioteki.pl\/wp-content\/uploads\/2022\/10\/IMG_20221002_114824-768x1024.jpg 768w, https:\/\/martazbiblioteki.pl\/wp-content\/uploads\/2022\/10\/IMG_20221002_114824-1152x1536.jpg 1152w, https:\/\/martazbiblioteki.pl\/wp-content\/uploads\/2022\/10\/IMG_20221002_114824-1536x2048.jpg 1536w, https:\/\/martazbiblioteki.pl\/wp-content\/uploads\/2022\/10\/IMG_20221002_114824-scaled.jpg 1920w\" sizes=\"(max-width: 225px) 100vw, 225px\" \/><\/p>\n<p>Czy to bajka, czy nie bajka, My\u015blcie sobie, jak tam chcecie. A ja przecie\u017c wam powiadam: Krasnoludki s\u0105 na \u015bwiecie!- I ja wierz\u0119 w s\u0142owa Marii Konopnickiej. Na pewno wierzy te\u017c w nie Barbara Supe\u0142, kt\u00f3r\u0105 mo\u017cecie zna\u0107 jak\u0105 autork\u0119 przyg\u00f3d rodziny P\u0119telk\u00f3w. Tym razem pisarka zabiera nas w podr\u00f3\u017c do \u015bwiata krasnoludk\u00f3w i ich zwyczaj\u00f3w. Pi\u0119kne ilustracje dodaj\u0105 tej ksi\u0105\u017cce ba\u015bniowego klimatu a mali bohaterowie w czerwonych czapkach na pewno spodobaj\u0105 si\u0119 Waszym dzieciom.<\/p>\n<p>&nbsp;<\/p>\n<p><strong>L. Greig- Zmiataj Wydawnictwo Zielona<\/strong><\/p>\n<p><img loading=\"lazy\" class=\"aligncenter wp-image-851 size-medium\" src=\"https:\/\/martazbiblioteki.pl\/wp-content\/uploads\/2022\/10\/IMG_20221002_115436-225x300.jpg\" alt=\"\" width=\"225\" height=\"300\" srcset=\"https:\/\/martazbiblioteki.pl\/wp-content\/uploads\/2022\/10\/IMG_20221002_115436-225x300.jpg 225w, https:\/\/martazbiblioteki.pl\/wp-content\/uploads\/2022\/10\/IMG_20221002_115436-768x1024.jpg 768w, https:\/\/martazbiblioteki.pl\/wp-content\/uploads\/2022\/10\/IMG_20221002_115436-1152x1536.jpg 1152w, https:\/\/martazbiblioteki.pl\/wp-content\/uploads\/2022\/10\/IMG_20221002_115436-1536x2048.jpg 1536w, https:\/\/martazbiblioteki.pl\/wp-content\/uploads\/2022\/10\/IMG_20221002_115436-scaled.jpg 1920w\" sizes=\"(max-width: 225px) 100vw, 225px\" \/><\/p>\n<p>M\u00f3wienie o emocjach nie jest proste zw\u0142aszcza dla dzieci. Tym bardziej cieszy, \u017ce powstaje du\u017co ksi\u0105\u017cek, kt\u00f3re pr\u00f3buj\u0105 emocje wyja\u015bnia\u0107, szczeg\u00f3lnie te negatywne, kt\u00f3re s\u0105 przecie\u017c nieod\u0142\u0105czn\u0105 cz\u0119\u015bci\u0105 naszego \u017cycia.<\/p>\n<p>&nbsp;<\/p>\n<p><strong>C. Averiss- Mi\u0142o\u015b\u0107 Wydawnictwo Zielona Sowa<\/strong><\/p>\n<p>&nbsp;<\/p>\n<p><img loading=\"lazy\" class=\"aligncenter wp-image-859 size-medium\" src=\"https:\/\/martazbiblioteki.pl\/wp-content\/uploads\/2022\/10\/IMG_20220930_092654-225x300.jpg\" alt=\"\" width=\"225\" height=\"300\" srcset=\"https:\/\/martazbiblioteki.pl\/wp-content\/uploads\/2022\/10\/IMG_20220930_092654-225x300.jpg 225w, https:\/\/martazbiblioteki.pl\/wp-content\/uploads\/2022\/10\/IMG_20220930_092654-768x1024.jpg 768w, https:\/\/martazbiblioteki.pl\/wp-content\/uploads\/2022\/10\/IMG_20220930_092654-1152x1536.jpg 1152w, https:\/\/martazbiblioteki.pl\/wp-content\/uploads\/2022\/10\/IMG_20220930_092654-1536x2048.jpg 1536w, https:\/\/martazbiblioteki.pl\/wp-content\/uploads\/2022\/10\/IMG_20220930_092654-scaled.jpg 1920w\" sizes=\"(max-width: 225px) 100vw, 225px\" \/><\/p>\n<p>Zakocha\u0142am si\u0119 w tej ksi\u0105\u017cce. I polecam j\u0105 rodzicom, kt\u00f3rych dzieci rozpoczynaj\u0105 przygod\u0119 z przedszkolem. G\u0142\u00f3wna bohaterka Tosia troszk\u0119 obawia si\u0119 rozstania z rodzicami, kt\u00f3rych bardzo kocha ale okazuje si\u0119, \u017ce istniej\u0105 te\u017c inne wi\u0119zi takie jak przyja\u017a\u0144. Ta ksi\u0105\u017cka t\u0142umaczy uczucia i oswaja ze strachem przed nieznanym.<\/p>\n<p>&nbsp;<\/p>\n<p>A jak jeszcze oswaja\u0107 jesie\u0144? To proste, przyjd\u017acie do biblioteki i wypo\u017cyczajcie ksi\u0105\u017cki. One na pewno umil\u0105 Wam popo\u0142udnia. Te o kt\u00f3rych dzisiaj pisa\u0142am dost\u0119pne s\u0105 w mojej bibliotece. A to tylko ma\u0142a cz\u0105stka nowo\u015bci&#8230;<\/p>\n<p>&nbsp;<\/p>\n<p>Do zobaczenia w bibliotece.<\/p>\n<p>&nbsp;<\/p>\n","protected":false},"excerpt":{"rendered":"<p>Jesie\u0144 na dobre si\u0119 u nas rozgo\u015bci\u0142a a ja pr\u00f3buj\u0119 j\u0105 polubi\u0107. Zdecydowanie nie jestem jesieniar\u0105. Grube swetry lubi\u0119 ale gdy le\u017c\u0105 grzecznie z\u0142o\u017cone w szafie. Kocham deszcz ale ten ciep\u0142y, letni. A modne sztyblety ci\u0105\u017c\u0105 mi na stopach. Ale do\u015b\u0107 narzekania. Do wiosny p\u00f3\u0142 roku i \u017ceby nie popa\u015b\u0107 w smutny stan romantyzuje jesienny &hellip; <\/p>\n","protected":false},"author":1,"featured_media":0,"comment_status":"closed","ping_status":"closed","sticky":false,"template":"","format":"standard","meta":[],"categories":[4,1],"tags":[],"_links":{"self":[{"href":"https:\/\/martazbiblioteki.pl\/index.php\/wp-json\/wp\/v2\/posts\/858"}],"collection":[{"href":"https:\/\/martazbiblioteki.pl\/index.php\/wp-json\/wp\/v2\/posts"}],"about":[{"href":"https:\/\/martazbiblioteki.pl\/index.php\/wp-json\/wp\/v2\/types\/post"}],"author":[{"embeddable":true,"href":"https:\/\/martazbiblioteki.pl\/index.php\/wp-json\/wp\/v2\/users\/1"}],"replies":[{"embeddable":true,"href":"https:\/\/martazbiblioteki.pl\/index.php\/wp-json\/wp\/v2\/comments?post=858"}],"version-history":[{"count":1,"href":"https:\/\/martazbiblioteki.pl\/index.php\/wp-json\/wp\/v2\/posts\/858\/revisions"}],"predecessor-version":[{"id":861,"href":"https:\/\/martazbiblioteki.pl\/index.php\/wp-json\/wp\/v2\/posts\/858\/revisions\/861"}],"wp:attachment":[{"href":"https:\/\/martazbiblioteki.pl\/index.php\/wp-json\/wp\/v2\/media?parent=858"}],"wp:term":[{"taxonomy":"category","embeddable":true,"href":"https:\/\/martazbiblioteki.pl\/index.php\/wp-json\/wp\/v2\/categories?post=858"},{"taxonomy":"post_tag","embeddable":true,"href":"https:\/\/martazbiblioteki.pl\/index.php\/wp-json\/wp\/v2\/tags?post=858"}],"curies":[{"name":"wp","href":"https:\/\/api.w.org\/{rel}","templated":true}]}}