{"id":872,"date":"2022-12-27T15:10:49","date_gmt":"2022-12-27T14:10:49","guid":{"rendered":"https:\/\/martazbiblioteki.pl\/?p=872"},"modified":"2022-12-27T15:11:00","modified_gmt":"2022-12-27T14:11:00","slug":"opowiesci-wojenne","status":"publish","type":"post","link":"https:\/\/martazbiblioteki.pl\/index.php\/2022\/12\/27\/opowiesci-wojenne\/","title":{"rendered":"Opowie\u015bci wojenne"},"content":{"rendered":"<p>Stary rok chyli si\u0119 ku ko\u0144cowi. Przychodzi czas podsumowa\u0144, robienia noworocznych postanowie\u0144. Nie lubi\u0119 ani podsumowa\u0144, ani postanowie\u0144. Ale chcia\u0142abym Wam podzi\u0119kowa\u0107 za to, \u017ce kolejny rok jeste\u015bcie ze mn\u0105. Dostaj\u0119 od Was mn\u00f3stwo wiadomo\u015bci. Czasami s\u0105 to pro\u015bby o polecenie ksi\u0105\u017cek zar\u00f3wno dla dzieci jak i dla Was doros\u0142ych. Innym razem pytania o inspiracje, tematy zaj\u0119\u0107 czy nawet ma\u0142e recepty na to jak pom\u00f3c dzieciom w nauce czytania, czy jak sprawi\u0107 aby czytanie by\u0142o dla dzieci przygod\u0105. Dzi\u0119kuj\u0119 za Wasze zaufanie.<\/p>\n<p>Pewnie jeste\u015bcie troszk\u0119 zdziwieni tytu\u0142em tego posta. Chcia\u0142abym w moim ostatnim wpisie odpowiedzie\u0107 Wam na najcz\u0119\u015bciej zadawane pytanie. A najcz\u0119\u015bciej pytacie o ksi\u0105\u017cki, kt\u00f3rych akcja dzieje si\u0119 w czasie Drugiej Wojny \u015awiatowej. Wiecie, \u017ce jestem zanurzona w jej temacie od wielu lat. Jednak ze wzgl\u0119du na moj\u0105 s\u0142ab\u0105 kondycje psychiczn\u0105 musia\u0142am ju\u017c jaki\u015b czas temu odpu\u015bci\u0107 czytanie reporta\u017cy, pami\u0119tnik\u00f3w i relacji. Sta\u0142o si\u0119 to dla mnie zbyt trudne. Jednak ten czas w historii ma dla mnie wyj\u0105tkowe miejsce w sercu. Dlatego si\u0119gn\u0119\u0142am po ksi\u0105\u017cki obyczajowe inspirowane tymi wydarzeniami.\u00a0 Chcia\u0142abym Wam dzisiaj poleci\u0107 szczeg\u00f3lnie trzy autorki: <strong><em>Kristin Harmel, Kristy Cambron i Kate Quinn.\u00a0<\/em><\/strong>Ich ksi\u0105\u017cki inspirowane s\u0105 autentycznymi wydarzeniami i postaciami. Cz\u0119sto oparciem fabu\u0142y tych ksi\u0105\u017cek s\u0105 rozmowy z ocala\u0142ymi, czy ich rodzinami, a tak\u017ce d\u0142ugie godziny sp\u0119dzone w archiwach i bibliotekach. Polecam po przeczytaniu ksi\u0105\u017cek zajrze\u0107 do podzi\u0119kowa\u0144. Znajdziecie tam informacje jak powstawa\u0142y ksi\u0105\u017cki i wyja\u015bnienie na kanwie jakich wydarze\u0144, postaci ale te\u017c czyn\u00f3w opiera\u0142a si\u0119 autorka.<\/p>\n<p>&nbsp;<\/p>\n<p><img loading=\"lazy\" class=\"aligncenter wp-image-875 size-large\" src=\"https:\/\/martazbiblioteki.pl\/wp-content\/uploads\/2022\/12\/Kate-Quinn-576x1024.png\" alt=\"\" width=\"576\" height=\"1024\" srcset=\"https:\/\/martazbiblioteki.pl\/wp-content\/uploads\/2022\/12\/Kate-Quinn-576x1024.png 576w, https:\/\/martazbiblioteki.pl\/wp-content\/uploads\/2022\/12\/Kate-Quinn-169x300.png 169w, https:\/\/martazbiblioteki.pl\/wp-content\/uploads\/2022\/12\/Kate-Quinn-768x1365.png 768w, https:\/\/martazbiblioteki.pl\/wp-content\/uploads\/2022\/12\/Kate-Quinn-864x1536.png 864w, https:\/\/martazbiblioteki.pl\/wp-content\/uploads\/2022\/12\/Kate-Quinn.png 1080w\" sizes=\"(max-width: 576px) 100vw, 576px\" \/><\/p>\n<p>&nbsp;<\/p>\n<p><img loading=\"lazy\" class=\"aligncenter wp-image-874 size-large\" src=\"https:\/\/martazbiblioteki.pl\/wp-content\/uploads\/2022\/12\/Kate-Quinn-576x1024.jpg\" alt=\"\" width=\"576\" height=\"1024\" srcset=\"https:\/\/martazbiblioteki.pl\/wp-content\/uploads\/2022\/12\/Kate-Quinn-576x1024.jpg 576w, https:\/\/martazbiblioteki.pl\/wp-content\/uploads\/2022\/12\/Kate-Quinn-169x300.jpg 169w, https:\/\/martazbiblioteki.pl\/wp-content\/uploads\/2022\/12\/Kate-Quinn-768x1365.jpg 768w, https:\/\/martazbiblioteki.pl\/wp-content\/uploads\/2022\/12\/Kate-Quinn-864x1536.jpg 864w, https:\/\/martazbiblioteki.pl\/wp-content\/uploads\/2022\/12\/Kate-Quinn.jpg 1080w\" sizes=\"(max-width: 576px) 100vw, 576px\" \/><\/p>\n<p>&nbsp;<\/p>\n<p><img loading=\"lazy\" class=\"aligncenter wp-image-873 size-large\" src=\"https:\/\/martazbiblioteki.pl\/wp-content\/uploads\/2022\/12\/Kate-Quinn-1-576x1024.jpg\" alt=\"\" width=\"576\" height=\"1024\" srcset=\"https:\/\/martazbiblioteki.pl\/wp-content\/uploads\/2022\/12\/Kate-Quinn-1-576x1024.jpg 576w, https:\/\/martazbiblioteki.pl\/wp-content\/uploads\/2022\/12\/Kate-Quinn-1-169x300.jpg 169w, https:\/\/martazbiblioteki.pl\/wp-content\/uploads\/2022\/12\/Kate-Quinn-1-768x1365.jpg 768w, https:\/\/martazbiblioteki.pl\/wp-content\/uploads\/2022\/12\/Kate-Quinn-1-864x1536.jpg 864w, https:\/\/martazbiblioteki.pl\/wp-content\/uploads\/2022\/12\/Kate-Quinn-1.jpg 1080w\" sizes=\"(max-width: 576px) 100vw, 576px\" \/><\/p>\n<p>&nbsp;<\/p>\n<p>Polski akcent w tym po\u015bcie r\u00f3wnie\u017c musi si\u0119 znale\u017a\u0107.<\/p>\n<p>Narzeczona nazisty- Barbara Wysocza\u0144ska wyd. FILIA<\/p>\n<p>\u015awiat na nowo- Barbara Wysocza\u0144ska wyd. FILIA<\/p>\n<p>C\u00f3rka genera\u0142a- Magdalena Witkiewicz wyd. Skarpa Warszawska<\/p>\n<p>Zapraszam Was do zapoznania si\u0119 z tymi ksi\u0105\u017ckami. Wi\u0119kszo\u015b\u0107 z nich znajdziecie w naszej bibliotece.<\/p>\n<p>&nbsp;<\/p>\n<p>Kolejny post za rok \ud83d\ude09<\/p>\n<p>Dzi\u0119kuj\u0119, \u017ce jeste\u015bcie.<\/p>\n","protected":false},"excerpt":{"rendered":"<p>Stary rok chyli si\u0119 ku ko\u0144cowi. Przychodzi czas podsumowa\u0144, robienia noworocznych postanowie\u0144. Nie lubi\u0119 ani podsumowa\u0144, ani postanowie\u0144. Ale chcia\u0142abym Wam podzi\u0119kowa\u0107 za to, \u017ce kolejny rok jeste\u015bcie ze mn\u0105. Dostaj\u0119 od Was mn\u00f3stwo wiadomo\u015bci. Czasami s\u0105 to pro\u015bby o polecenie ksi\u0105\u017cek zar\u00f3wno dla dzieci jak i dla Was doros\u0142ych. Innym razem pytania o inspiracje, &hellip; <\/p>\n","protected":false},"author":1,"featured_media":0,"comment_status":"closed","ping_status":"closed","sticky":false,"template":"","format":"standard","meta":[],"categories":[5,4,1],"tags":[],"_links":{"self":[{"href":"https:\/\/martazbiblioteki.pl\/index.php\/wp-json\/wp\/v2\/posts\/872"}],"collection":[{"href":"https:\/\/martazbiblioteki.pl\/index.php\/wp-json\/wp\/v2\/posts"}],"about":[{"href":"https:\/\/martazbiblioteki.pl\/index.php\/wp-json\/wp\/v2\/types\/post"}],"author":[{"embeddable":true,"href":"https:\/\/martazbiblioteki.pl\/index.php\/wp-json\/wp\/v2\/users\/1"}],"replies":[{"embeddable":true,"href":"https:\/\/martazbiblioteki.pl\/index.php\/wp-json\/wp\/v2\/comments?post=872"}],"version-history":[{"count":1,"href":"https:\/\/martazbiblioteki.pl\/index.php\/wp-json\/wp\/v2\/posts\/872\/revisions"}],"predecessor-version":[{"id":876,"href":"https:\/\/martazbiblioteki.pl\/index.php\/wp-json\/wp\/v2\/posts\/872\/revisions\/876"}],"wp:attachment":[{"href":"https:\/\/martazbiblioteki.pl\/index.php\/wp-json\/wp\/v2\/media?parent=872"}],"wp:term":[{"taxonomy":"category","embeddable":true,"href":"https:\/\/martazbiblioteki.pl\/index.php\/wp-json\/wp\/v2\/categories?post=872"},{"taxonomy":"post_tag","embeddable":true,"href":"https:\/\/martazbiblioteki.pl\/index.php\/wp-json\/wp\/v2\/tags?post=872"}],"curies":[{"name":"wp","href":"https:\/\/api.w.org\/{rel}","templated":true}]}}