{"id":91,"date":"2018-12-18T16:09:46","date_gmt":"2018-12-18T15:09:46","guid":{"rendered":"http:\/\/martazbiblioteki.pl\/?p=91"},"modified":"2018-12-18T16:09:46","modified_gmt":"2018-12-18T15:09:46","slug":"niech-to-beda-piekne-swieta","status":"publish","type":"post","link":"https:\/\/martazbiblioteki.pl\/index.php\/2018\/12\/18\/niech-to-beda-piekne-swieta\/","title":{"rendered":"Niech to b\u0119d\u0105 pi\u0119kne \u015awi\u0119ta"},"content":{"rendered":"<p style=\"text-align: center;\">Okna umyte? Kurz ze wszystkich zakamark\u00f3w w domu wymieciony?<br \/>\nZakupy zrobione? Prezenty kupione? Pierniki upieczone? Go\u015bcie zaproszeni?<br \/>\nDom przystrojony? Choinka ubrana? Stroje na jase\u0142ka dla dzieci zrobione?<br \/>\nJe\u015bli na wi\u0119kszo\u015b\u0107 tych pyta\u0144 odpowiedzieli\u015bcie twierdz\u0105co mo\u017ce to oznacza\u0107,<br \/>\n\u017ce jeste\u015bcie ju\u017c troszk\u0119 zm\u0119czeni. A przecie\u017c trzeba te\u017c ogarn\u0105\u0107 codzienne obowi\u0105zki.<br \/>\nDo \u015awi\u0105t zosta\u0142o sze\u015b\u0107 dni. Nadchodzi apogeum \u015bwi\u0105tecznej gor\u0105czki.<br \/>\nA mo\u017ce by tak zwolni\u0107? P\u00f3j\u015b\u0107 na spacer, zobaczy\u0107 jak pi\u0119knie przystrojone jest nasze miasto.<br \/>\nZdystansujmy si\u0119 razem. Napijmy si\u0119 herbaty z imbirem lub gor\u0105cej czekolady.<br \/>\nI nie m\u00f3wmy &#8222;Nie mam czasu&#8221; bo czas p\u0142ynie, a \u015awi\u0119ta odb\u0119d\u0105 si\u0119 nawet je\u015bli nie zd\u0105\u017cymy<br \/>\ndok\u0142adnie posprz\u0105ta\u0107 domu. Niech to b\u0119dzie pi\u0119kny czas, kt\u00f3ry sp\u0119dzimy z rodzin\u0105 i przyjaci\u00f3\u0142mi.<\/p>\n<p style=\"text-align: center;\">Tego \u017cycz\u0119 Wam z ca\u0142ego serca.<\/p>\n<p style=\"text-align: center;\">A poza tym du\u017co zdrowia i wielu ksi\u0105\u017cek pod choink\u0105. \ud83d\ude09<\/p>\n<p>&nbsp;<\/p>\n<p><img loading=\"lazy\" class=\"aligncenter wp-image-92 size-medium\" src=\"https:\/\/martazbiblioteki.pl\/wp-content\/uploads\/2018\/12\/Weso\u0142ych-\u015awi\u0105t-300x300.jpg\" alt=\"\" width=\"300\" height=\"300\" srcset=\"https:\/\/martazbiblioteki.pl\/wp-content\/uploads\/2018\/12\/Weso\u0142ych-\u015awi\u0105t-300x300.jpg 300w, https:\/\/martazbiblioteki.pl\/wp-content\/uploads\/2018\/12\/Weso\u0142ych-\u015awi\u0105t-150x150.jpg 150w, https:\/\/martazbiblioteki.pl\/wp-content\/uploads\/2018\/12\/Weso\u0142ych-\u015awi\u0105t-768x768.jpg 768w, https:\/\/martazbiblioteki.pl\/wp-content\/uploads\/2018\/12\/Weso\u0142ych-\u015awi\u0105t-1024x1024.jpg 1024w, https:\/\/martazbiblioteki.pl\/wp-content\/uploads\/2018\/12\/Weso\u0142ych-\u015awi\u0105t.jpg 1080w\" sizes=\"(max-width: 300px) 100vw, 300px\" \/><\/p>\n","protected":false},"excerpt":{"rendered":"<p>Okna umyte? Kurz ze wszystkich zakamark\u00f3w w domu wymieciony? Zakupy zrobione? Prezenty kupione? Pierniki upieczone? Go\u015bcie zaproszeni? Dom przystrojony? Choinka ubrana? Stroje na jase\u0142ka dla dzieci zrobione? Je\u015bli na wi\u0119kszo\u015b\u0107 tych pyta\u0144 odpowiedzieli\u015bcie twierdz\u0105co mo\u017ce to oznacza\u0107, \u017ce jeste\u015bcie ju\u017c troszk\u0119 zm\u0119czeni. A przecie\u017c trzeba te\u017c ogarn\u0105\u0107 codzienne obowi\u0105zki. Do \u015awi\u0105t zosta\u0142o sze\u015b\u0107 dni. Nadchodzi &hellip; <\/p>\n","protected":false},"author":1,"featured_media":0,"comment_status":"open","ping_status":"open","sticky":false,"template":"","format":"standard","meta":[],"categories":[1],"tags":[],"_links":{"self":[{"href":"https:\/\/martazbiblioteki.pl\/index.php\/wp-json\/wp\/v2\/posts\/91"}],"collection":[{"href":"https:\/\/martazbiblioteki.pl\/index.php\/wp-json\/wp\/v2\/posts"}],"about":[{"href":"https:\/\/martazbiblioteki.pl\/index.php\/wp-json\/wp\/v2\/types\/post"}],"author":[{"embeddable":true,"href":"https:\/\/martazbiblioteki.pl\/index.php\/wp-json\/wp\/v2\/users\/1"}],"replies":[{"embeddable":true,"href":"https:\/\/martazbiblioteki.pl\/index.php\/wp-json\/wp\/v2\/comments?post=91"}],"version-history":[{"count":1,"href":"https:\/\/martazbiblioteki.pl\/index.php\/wp-json\/wp\/v2\/posts\/91\/revisions"}],"predecessor-version":[{"id":93,"href":"https:\/\/martazbiblioteki.pl\/index.php\/wp-json\/wp\/v2\/posts\/91\/revisions\/93"}],"wp:attachment":[{"href":"https:\/\/martazbiblioteki.pl\/index.php\/wp-json\/wp\/v2\/media?parent=91"}],"wp:term":[{"taxonomy":"category","embeddable":true,"href":"https:\/\/martazbiblioteki.pl\/index.php\/wp-json\/wp\/v2\/categories?post=91"},{"taxonomy":"post_tag","embeddable":true,"href":"https:\/\/martazbiblioteki.pl\/index.php\/wp-json\/wp\/v2\/tags?post=91"}],"curies":[{"name":"wp","href":"https:\/\/api.w.org\/{rel}","templated":true}]}}