{"id":975,"date":"2023-06-18T16:56:52","date_gmt":"2023-06-18T14:56:52","guid":{"rendered":"https:\/\/martazbiblioteki.pl\/?p=975"},"modified":"2023-06-22T09:30:58","modified_gmt":"2023-06-22T07:30:58","slug":"tato-tata-tatus","status":"publish","type":"post","link":"https:\/\/martazbiblioteki.pl\/index.php\/2023\/06\/18\/tato-tata-tatus\/","title":{"rendered":"Tato, Tata, Tatu\u015b&#8230;"},"content":{"rendered":"<p>Za kilka dni swoje \u015bwi\u0119to obchodz\u0105 tatusiowie. Wpis na dzie\u0144 mamy spotka\u0142 si\u0119 z entuzjastycznym przyj\u0119ciem wi\u0119c nie mog\u0142o zabrakn\u0105\u0107 takiego wpisu z okazji Dnia Ojca. Te dwa \u015bwi\u0119ta bardzo mnie rozczulaj\u0105 bo u\u015bwiadamiaj\u0105 mi jakie z moimi siostrami mamy szcz\u0119\u015bcie. Kiedy\u015b moja szkolna przyjaci\u00f3\u0142ka powiedzia\u0142a: &#8222;Chcia\u0142abym mie\u0107 takiego tat\u0119 jak tw\u00f3j&#8230;&#8221;. Wtedy, b\u0119d\u0105c w podstaw\u00f3wce nie do ko\u0144ca zdawa\u0142am sobie, \u017ce te s\u0142owa zapami\u0119tam na tak d\u0142ugo.<\/p>\n<p>A co z tatusiami w literaturze? Przecie\u017c jest ich bardzo du\u017co. Ja poka\u017c\u0119 Wam moich ulubionych.<\/p>\n<p>&nbsp;<\/p>\n<p><strong>Gunilla Bergstr\u00f6m- Seria ksi\u0105\u017cek o Albercie Albertsonie wyd. Zakamarki<\/strong><\/p>\n<p>Och jak ja lubi\u0119 tatusia Alberta. Potrafi mnie rozbawi\u0107 do \u0142ez, mo\u017cemy si\u0119 z nim uto\u017csamia\u0107, zw\u0142aszcza przy opowie\u015bci o zasypianiu. Kto z nas nie mia\u0142 chocia\u017c raz takiego wieczoru z dzieckiem? Poza tym bardzo kibicuj\u0119 tacie Alberta w ka\u017cdej prze\u017cywanej z synem przygodzie.<\/p>\n<p>&nbsp;<\/p>\n<p><img loading=\"lazy\" class=\"aligncenter wp-image-969 size-full\" src=\"https:\/\/martazbiblioteki.pl\/wp-content\/uploads\/2023\/05\/58855902568KS.jpg\" alt=\"\" width=\"420\" height=\"573\" srcset=\"https:\/\/martazbiblioteki.pl\/wp-content\/uploads\/2023\/05\/58855902568KS.jpg 420w, https:\/\/martazbiblioteki.pl\/wp-content\/uploads\/2023\/05\/58855902568KS-220x300.jpg 220w\" sizes=\"(max-width: 420px) 100vw, 420px\" \/><\/p>\n<p><strong>Sabine Bohlmann- Tatusiu, czy dziesi\u0119\u0107 to du\u017co wyd. Nasza Ksi\u0119garnia<\/strong><\/p>\n<p>&nbsp;<\/p>\n<p>To jedna z tych ksi\u0105\u017cek, kt\u00f3r\u0105 warto mie\u0107 na p\u00f3\u0142ce. U nas po kolejnym wypo\u017cyczeniu z biblioteki stwierdzi\u0142am, \u017ce musimy mie\u0107 swoj\u0105. Reklamuj\u0119 j\u0105 w\u0142a\u015bciwie nieustannie. W tak pi\u0119kny spos\u00f3b przedstawia uniwersalne prawdy, \u017ce zawsze przy czytaniu zakr\u0119ci si\u0119 \u0142za w oku. Partner mojej przyjaci\u00f3\u0142ki dostanie j\u0105 ode mnie w prezencie, bo jesieni\u0105 zostanie tatusiem.<\/p>\n<p>&nbsp;<\/p>\n<p><img loading=\"lazy\" class=\"aligncenter wp-image-972 size-large\" src=\"https:\/\/martazbiblioteki.pl\/wp-content\/uploads\/2023\/05\/tatusiu-841x1024.jpg\" alt=\"\" width=\"640\" height=\"779\" srcset=\"https:\/\/martazbiblioteki.pl\/wp-content\/uploads\/2023\/05\/tatusiu-841x1024.jpg 841w, https:\/\/martazbiblioteki.pl\/wp-content\/uploads\/2023\/05\/tatusiu-246x300.jpg 246w, https:\/\/martazbiblioteki.pl\/wp-content\/uploads\/2023\/05\/tatusiu-768x935.jpg 768w, https:\/\/martazbiblioteki.pl\/wp-content\/uploads\/2023\/05\/tatusiu-1261x1536.jpg 1261w, https:\/\/martazbiblioteki.pl\/wp-content\/uploads\/2023\/05\/tatusiu.jpg 1450w\" sizes=\"(max-width: 640px) 100vw, 640px\" \/><\/p>\n<p><strong>Joanna Papuzi\u0144ska- M\u00f3j tato szcz\u0119\u015bciarz wyd. Literatura<\/strong><\/p>\n<p>&nbsp;<\/p>\n<p>Joanna Papuzi\u0144ska to ikona- pisarka, profesorka, wyk\u0142adowczyni.\u00a0 W tej ksi\u0105\u017cce przedstawia losy swojej rodziny w czasie II Wojny \u015awiatowej. Ksi\u0105\u017cka jest kontynuacj\u0105 lektury Asiunia. A o dalszych losach\u00a0 tej rodziny mo\u017cna te\u017c przeczyta\u0107 w opowiadaniu pt. Krasnale i olbrzymy.<\/p>\n<p>&nbsp;<\/p>\n<p><img loading=\"lazy\" class=\"aligncenter wp-image-970 size-full\" src=\"https:\/\/martazbiblioteki.pl\/wp-content\/uploads\/2023\/05\/9788382080919.jpg\" alt=\"\" width=\"727\" height=\"1024\" srcset=\"https:\/\/martazbiblioteki.pl\/wp-content\/uploads\/2023\/05\/9788382080919.jpg 727w, https:\/\/martazbiblioteki.pl\/wp-content\/uploads\/2023\/05\/9788382080919-213x300.jpg 213w\" sizes=\"(max-width: 727px) 100vw, 727px\" \/><strong>\u00a0<\/strong><\/p>\n<p><strong>R. Pi\u0105tkowska- Po prostu tata wyd. Literatura<\/strong><\/p>\n<p>To zbi\u00f3r opowiada\u0144 pokazuj\u0105cych jak mocna potrafi by\u0107 ojcowska mi\u0142o\u015b\u0107. Do czytania zar\u00f3wno z maluszkami jak i starszymi dzie\u0107mi.<\/p>\n<p>&nbsp;<\/p>\n<p><img loading=\"lazy\" class=\"aligncenter wp-image-971 size-large\" src=\"https:\/\/martazbiblioteki.pl\/wp-content\/uploads\/2023\/05\/po-prostu-777x1024.jpg\" alt=\"\" width=\"640\" height=\"843\" srcset=\"https:\/\/martazbiblioteki.pl\/wp-content\/uploads\/2023\/05\/po-prostu-777x1024.jpg 777w, https:\/\/martazbiblioteki.pl\/wp-content\/uploads\/2023\/05\/po-prostu-228x300.jpg 228w, https:\/\/martazbiblioteki.pl\/wp-content\/uploads\/2023\/05\/po-prostu-768x1013.jpg 768w, https:\/\/martazbiblioteki.pl\/wp-content\/uploads\/2023\/05\/po-prostu-1165x1536.jpg 1165w, https:\/\/martazbiblioteki.pl\/wp-content\/uploads\/2023\/05\/po-prostu.jpg 1406w\" sizes=\"(max-width: 640px) 100vw, 640px\" \/><\/p>\n<p>A tutaj obiecana zabawa, kt\u00f3ra mo\u017ce by\u0107 przerywnikiem lekcji lub zaj\u0119\u0107 w przedszkolu.<\/p>\n<p>&nbsp;<\/p>\n<p><img loading=\"lazy\" class=\"aligncenter wp-image-976 size-large\" src=\"https:\/\/martazbiblioteki.pl\/wp-content\/uploads\/2023\/05\/Happy-1-724x1024.jpg\" alt=\"\" width=\"640\" height=\"905\" srcset=\"https:\/\/martazbiblioteki.pl\/wp-content\/uploads\/2023\/05\/Happy-1-724x1024.jpg 724w, https:\/\/martazbiblioteki.pl\/wp-content\/uploads\/2023\/05\/Happy-1-212x300.jpg 212w, https:\/\/martazbiblioteki.pl\/wp-content\/uploads\/2023\/05\/Happy-1-768x1086.jpg 768w, https:\/\/martazbiblioteki.pl\/wp-content\/uploads\/2023\/05\/Happy-1-1086x1536.jpg 1086w, https:\/\/martazbiblioteki.pl\/wp-content\/uploads\/2023\/05\/Happy-1-1448x2048.jpg 1448w, https:\/\/martazbiblioteki.pl\/wp-content\/uploads\/2023\/05\/Happy-1.jpg 1587w\" sizes=\"(max-width: 640px) 100vw, 640px\" \/><\/p>\n<p>Pi\u0119knego Dnia Ojca.<\/p>\n","protected":false},"excerpt":{"rendered":"<p>Za kilka dni swoje \u015bwi\u0119to obchodz\u0105 tatusiowie. Wpis na dzie\u0144 mamy spotka\u0142 si\u0119 z entuzjastycznym przyj\u0119ciem wi\u0119c nie mog\u0142o zabrakn\u0105\u0107 takiego wpisu z okazji Dnia Ojca. Te dwa \u015bwi\u0119ta bardzo mnie rozczulaj\u0105 bo u\u015bwiadamiaj\u0105 mi jakie z moimi siostrami mamy szcz\u0119\u015bcie. Kiedy\u015b moja szkolna przyjaci\u00f3\u0142ka powiedzia\u0142a: &#8222;Chcia\u0142abym mie\u0107 takiego tat\u0119 jak tw\u00f3j&#8230;&#8221;. Wtedy, b\u0119d\u0105c w &hellip; <\/p>\n","protected":false},"author":1,"featured_media":0,"comment_status":"closed","ping_status":"closed","sticky":false,"template":"","format":"standard","meta":[],"categories":[5,4,1],"tags":[],"_links":{"self":[{"href":"https:\/\/martazbiblioteki.pl\/index.php\/wp-json\/wp\/v2\/posts\/975"}],"collection":[{"href":"https:\/\/martazbiblioteki.pl\/index.php\/wp-json\/wp\/v2\/posts"}],"about":[{"href":"https:\/\/martazbiblioteki.pl\/index.php\/wp-json\/wp\/v2\/types\/post"}],"author":[{"embeddable":true,"href":"https:\/\/martazbiblioteki.pl\/index.php\/wp-json\/wp\/v2\/users\/1"}],"replies":[{"embeddable":true,"href":"https:\/\/martazbiblioteki.pl\/index.php\/wp-json\/wp\/v2\/comments?post=975"}],"version-history":[{"count":1,"href":"https:\/\/martazbiblioteki.pl\/index.php\/wp-json\/wp\/v2\/posts\/975\/revisions"}],"predecessor-version":[{"id":977,"href":"https:\/\/martazbiblioteki.pl\/index.php\/wp-json\/wp\/v2\/posts\/975\/revisions\/977"}],"wp:attachment":[{"href":"https:\/\/martazbiblioteki.pl\/index.php\/wp-json\/wp\/v2\/media?parent=975"}],"wp:term":[{"taxonomy":"category","embeddable":true,"href":"https:\/\/martazbiblioteki.pl\/index.php\/wp-json\/wp\/v2\/categories?post=975"},{"taxonomy":"post_tag","embeddable":true,"href":"https:\/\/martazbiblioteki.pl\/index.php\/wp-json\/wp\/v2\/tags?post=975"}],"curies":[{"name":"wp","href":"https:\/\/api.w.org\/{rel}","templated":true}]}}